{"id":2054,"date":"2025-04-03T09:49:37","date_gmt":"2025-04-03T07:49:37","guid":{"rendered":"https:\/\/blablavins.es\/bla-bla-vins-i-mes-en-la-feria-de-cerdanyola\/"},"modified":"2025-05-08T12:47:30","modified_gmt":"2025-05-08T10:47:30","slug":"bla-bla-vins-i-mes-en-la-feria-de-cerdanyola","status":"publish","type":"post","link":"https:\/\/blablavins.es\/es\/bla-bla-vins-i-mes-en-la-feria-de-cerdanyola\/","title":{"rendered":"Bla Bla Vins i M\u00e9s en la Feria de Cerdanyola"},"content":{"rendered":"\n<h3 class=\"wp-block-heading\">La Feria de Cerdanyola, un punto de encuentro imprescindible<\/h3>\n\n<p>Cada a\u00f1o, l<strong>a Feria de Cerdanyola<\/strong> se convierte en una cita obligada para los amantes del vino y la gastronom\u00eda. En este evento, peque\u00f1os productores, grandes marcas y establecimientos especializados se re\u00fanen para presentar sus mejores propuestas al p\u00fablico.<\/p>\n\n<p>Este a\u00f1o, <strong>Bla Bla Vins i M\u00e9s<\/strong> ha sido uno de los protagonistas destacados. Por este motivo, ha ofrecido a los visitantes una experiencia inmersiva en el mundo del vino. Adem\u00e1s, ha presentado una selecci\u00f3n exclusiva y ha proporcionado un asesoramiento personalizado que ha cautivado a los asistentes.<\/p>\n\n<h3 class=\"wp-block-heading\">Una experiencia de cata \u00fanica<\/h3>\n\n<p>La participaci\u00f3n de <strong>Bla Bla Vins i M\u00e9s<\/strong> ha ido m\u00e1s all\u00e1 de una simple exhibici\u00f3n de productos. De hecho, ha apostado por la interacci\u00f3n directa con el p\u00fablico. Como resultado, los visitantes han podido degustar una amplia selecci\u00f3n de vinos, tanto de denominaciones de origen consolidadas como de bodegas emergentes.<\/p>\n\n<p>Adem\u00e1s, se han ofrecido <strong>maridajes excepcionales<\/strong> con quesos artesanales, embutidos selectos y otros productos gourmet. Por esta raz\u00f3n, los asistentes han descubierto nuevas armon\u00edas de sabores y texturas, haciendo que cada cata fuera una experiencia \u00fanica.<\/p>\n\n<p>Por otro lado, los especialistas de <strong>Bla Bla Vins i M\u00e9s<\/strong> han compartido conocimientos sobre las caracter\u00edsticas de cada vino, los procesos de elaboraci\u00f3n y las mejores maneras de degustarlos. As\u00ed pues, los asistentes han podido resolver dudas y profundizar en la cultura del vino.<\/p>\n\n<h3 class=\"wp-block-heading\">Una conexi\u00f3n m\u00e1s cercana con el p\u00fablico.<\/h3>\n\n<p>Sin duda, la presencia en la <strong>Feria de Cerdanyola<\/strong> ha sido una gran oportunidad para<strong> Bla Bla Vins i M\u00e9s.<\/strong> De hecho, la acogida ha sido excepcional, ya que muchas personas han mostrado un gran inter\u00e9s por su oferta.<\/p>\n\n<p>Adem\u00e1s, este tipo de eventos no solo permiten promocionar productos. Tambi\u00e9n ayudan a establecer un v\u00ednculo m\u00e1s cercano con los clientes, escuchar sus necesidades y conocer de primera mano sus preferencias. Esto, por supuesto, refuerza la filosof\u00eda de <strong>Bla Bla Vins i M\u00e9s<\/strong>, basada en la calidad, la proximidad y la pasi\u00f3n por el vino y la gastronom\u00eda.<\/p>\n\n<h3 class=\"wp-block-heading\">D\u00f3nde encontrar Bla Bla Vins i M\u00e9s<\/h3>\n\n<p>Si no pudiste visitar la Feria de Cerdanyola, a\u00fan est\u00e1s a tiempo de descubrir su espectacular selecci\u00f3n de vinos y productos gourmet. Por lo tanto, puedes encontrar <strong>Bla Bla Vins i M\u00e9s<\/strong> a <strong>Carrer Josep Capdevila, 57, 08389 Palafolls, Barcelona<\/strong>. Tambi\u00e9n puedes ponerte en contacto con ellos llamando al <strong>629 37 54 41<\/strong>.<\/p>\n\n<p>\u00a1No lo dudes! Visita su tienda y d\u00e9jate asesorar por los mejores expertos. \u00a1As\u00ed podr\u00e1s disfrutar de una experiencia enol\u00f3gica \u00fanica!<\/p>\n\n<p><\/p>\n","protected":false},"excerpt":{"rendered":"<p>La Feria de Cerdanyola, un punto de encuentro imprescindible Cada a\u00f1o, la Feria de Cerdanyola se convierte en una cita obligada para los amantes del vino y la gastronom\u00eda. En este evento, peque\u00f1os productores, grandes marcas y establecimientos especializados se re\u00fanen para presentar sus mejores propuestas al p\u00fablico. Este a\u00f1o, Bla Bla Vins i M\u00e9s [&hellip;]<\/p>\n","protected":false},"author":2,"featured_media":2615,"comment_status":"closed","ping_status":"closed","sticky":false,"template":"","format":"standard","meta":{"_joinchat":[],"footnotes":""},"categories":[82],"tags":[],"categoria-vins":[],"class_list":["post-2054","post","type-post","status-publish","format-standard","has-post-thumbnail","hentry","category-noticias"],"yoast_head":"<!-- This site is optimized with the Yoast SEO plugin v27.6 - https:\/\/yoast.com\/product\/yoast-seo-wordpress\/ -->\n<title>Bla Bla Vins i M\u00e9s en la Feria de Cerdanyola - Distribu\u00efdor de vins a Palafolls - Barcelona- blablavins.es<\/title>\n<meta name=\"robots\" content=\"index, follow, max-snippet:-1, max-image-preview:large, max-video-preview:-1\" \/>\n<link rel=\"canonical\" href=\"https:\/\/blablavins.es\/es\/bla-bla-vins-i-mes-en-la-feria-de-cerdanyola\/\" \/>\n<meta property=\"og:locale\" content=\"es_ES\" \/>\n<meta property=\"og:type\" content=\"article\" \/>\n<meta property=\"og:title\" content=\"Bla Bla Vins i M\u00e9s en la Feria de Cerdanyola - Distribu\u00efdor de vins a Palafolls - Barcelona- blablavins.es\" \/>\n<meta property=\"og:description\" content=\"La Feria de Cerdanyola, un punto de encuentro imprescindible Cada a\u00f1o, la Feria de Cerdanyola se convierte en una cita obligada para los amantes del vino y la gastronom\u00eda. En este evento, peque\u00f1os productores, grandes marcas y establecimientos especializados se re\u00fanen para presentar sus mejores propuestas al p\u00fablico. Este a\u00f1o, Bla Bla Vins i M\u00e9s [&hellip;]\" \/>\n<meta property=\"og:url\" content=\"https:\/\/blablavins.es\/es\/bla-bla-vins-i-mes-en-la-feria-de-cerdanyola\/\" \/>\n<meta property=\"og:site_name\" content=\"Distribu\u00efdor de vins a Palafolls - Barcelona- blablavins.es\" \/>\n<meta property=\"article:published_time\" content=\"2025-04-03T07:49:37+00:00\" \/>\n<meta property=\"article:modified_time\" content=\"2025-05-08T10:47:30+00:00\" \/>\n<meta property=\"og:image\" content=\"https:\/\/blablavins.es\/wp-content\/uploads\/2025\/05\/Cerdanyola-scaled.jpg\" \/>\n\t<meta property=\"og:image:width\" content=\"2560\" \/>\n\t<meta property=\"og:image:height\" content=\"1394\" \/>\n\t<meta property=\"og:image:type\" content=\"image\/jpeg\" \/>\n<meta name=\"author\" content=\"esolvo\" \/>\n<meta name=\"twitter:card\" content=\"summary_large_image\" \/>\n<meta name=\"twitter:label1\" content=\"Escrito por\" \/>\n\t<meta name=\"twitter:data1\" content=\"esolvo\" \/>\n\t<meta name=\"twitter:label2\" content=\"Tiempo de lectura\" \/>\n\t<meta name=\"twitter:data2\" content=\"2 minutos\" \/>\n<script type=\"application\/ld+json\" class=\"yoast-schema-graph\">{\"@context\":\"https:\\\/\\\/schema.org\",\"@graph\":[{\"@type\":\"Article\",\"@id\":\"https:\\\/\\\/blablavins.es\\\/es\\\/bla-bla-vins-i-mes-en-la-feria-de-cerdanyola\\\/#article\",\"isPartOf\":{\"@id\":\"https:\\\/\\\/blablavins.es\\\/es\\\/bla-bla-vins-i-mes-en-la-feria-de-cerdanyola\\\/\"},\"author\":{\"name\":\"esolvo\",\"@id\":\"https:\\\/\\\/blablavins.es\\\/es\\\/#\\\/schema\\\/person\\\/d16bdb0917b0f0d4f3953e5d35e92a9a\"},\"headline\":\"Bla Bla Vins i M\u00e9s en la Feria de Cerdanyola\",\"datePublished\":\"2025-04-03T07:49:37+00:00\",\"dateModified\":\"2025-05-08T10:47:30+00:00\",\"mainEntityOfPage\":{\"@id\":\"https:\\\/\\\/blablavins.es\\\/es\\\/bla-bla-vins-i-mes-en-la-feria-de-cerdanyola\\\/\"},\"wordCount\":468,\"image\":{\"@id\":\"https:\\\/\\\/blablavins.es\\\/es\\\/bla-bla-vins-i-mes-en-la-feria-de-cerdanyola\\\/#primaryimage\"},\"thumbnailUrl\":\"https:\\\/\\\/blablavins.es\\\/wp-content\\\/uploads\\\/2025\\\/05\\\/Cerdanyola-scaled.jpg\",\"articleSection\":[\"Noticias\"],\"inLanguage\":\"es\"},{\"@type\":\"WebPage\",\"@id\":\"https:\\\/\\\/blablavins.es\\\/es\\\/bla-bla-vins-i-mes-en-la-feria-de-cerdanyola\\\/\",\"url\":\"https:\\\/\\\/blablavins.es\\\/es\\\/bla-bla-vins-i-mes-en-la-feria-de-cerdanyola\\\/\",\"name\":\"Bla Bla Vins i M\u00e9s en la Feria de Cerdanyola - Distribu\u00efdor de vins a Palafolls - Barcelona- blablavins.es\",\"isPartOf\":{\"@id\":\"https:\\\/\\\/blablavins.es\\\/es\\\/#website\"},\"primaryImageOfPage\":{\"@id\":\"https:\\\/\\\/blablavins.es\\\/es\\\/bla-bla-vins-i-mes-en-la-feria-de-cerdanyola\\\/#primaryimage\"},\"image\":{\"@id\":\"https:\\\/\\\/blablavins.es\\\/es\\\/bla-bla-vins-i-mes-en-la-feria-de-cerdanyola\\\/#primaryimage\"},\"thumbnailUrl\":\"https:\\\/\\\/blablavins.es\\\/wp-content\\\/uploads\\\/2025\\\/05\\\/Cerdanyola-scaled.jpg\",\"datePublished\":\"2025-04-03T07:49:37+00:00\",\"dateModified\":\"2025-05-08T10:47:30+00:00\",\"author\":{\"@id\":\"https:\\\/\\\/blablavins.es\\\/es\\\/#\\\/schema\\\/person\\\/d16bdb0917b0f0d4f3953e5d35e92a9a\"},\"breadcrumb\":{\"@id\":\"https:\\\/\\\/blablavins.es\\\/es\\\/bla-bla-vins-i-mes-en-la-feria-de-cerdanyola\\\/#breadcrumb\"},\"inLanguage\":\"es\",\"potentialAction\":[{\"@type\":\"ReadAction\",\"target\":[\"https:\\\/\\\/blablavins.es\\\/es\\\/bla-bla-vins-i-mes-en-la-feria-de-cerdanyola\\\/\"]}]},{\"@type\":\"ImageObject\",\"inLanguage\":\"es\",\"@id\":\"https:\\\/\\\/blablavins.es\\\/es\\\/bla-bla-vins-i-mes-en-la-feria-de-cerdanyola\\\/#primaryimage\",\"url\":\"https:\\\/\\\/blablavins.es\\\/wp-content\\\/uploads\\\/2025\\\/05\\\/Cerdanyola-scaled.jpg\",\"contentUrl\":\"https:\\\/\\\/blablavins.es\\\/wp-content\\\/uploads\\\/2025\\\/05\\\/Cerdanyola-scaled.jpg\",\"width\":2560,\"height\":1394},{\"@type\":\"BreadcrumbList\",\"@id\":\"https:\\\/\\\/blablavins.es\\\/es\\\/bla-bla-vins-i-mes-en-la-feria-de-cerdanyola\\\/#breadcrumb\",\"itemListElement\":[{\"@type\":\"ListItem\",\"position\":1,\"name\":\"Portada\",\"item\":\"https:\\\/\\\/blablavins.es\\\/es\\\/\"},{\"@type\":\"ListItem\",\"position\":2,\"name\":\"Bla Bla Vins i M\u00e9s en la Feria de Cerdanyola\"}]},{\"@type\":\"WebSite\",\"@id\":\"https:\\\/\\\/blablavins.es\\\/es\\\/#website\",\"url\":\"https:\\\/\\\/blablavins.es\\\/es\\\/\",\"name\":\"Distribu\u00efdor de vins a Palafolls - Barcelona- blablavins.es\",\"description\":\"Productos selectos con un servicio \u00fanico\",\"potentialAction\":[{\"@type\":\"SearchAction\",\"target\":{\"@type\":\"EntryPoint\",\"urlTemplate\":\"https:\\\/\\\/blablavins.es\\\/es\\\/?s={search_term_string}\"},\"query-input\":{\"@type\":\"PropertyValueSpecification\",\"valueRequired\":true,\"valueName\":\"search_term_string\"}}],\"inLanguage\":\"es\"},{\"@type\":\"Person\",\"@id\":\"https:\\\/\\\/blablavins.es\\\/es\\\/#\\\/schema\\\/person\\\/d16bdb0917b0f0d4f3953e5d35e92a9a\",\"name\":\"esolvo\",\"image\":{\"@type\":\"ImageObject\",\"inLanguage\":\"es\",\"@id\":\"https:\\\/\\\/secure.gravatar.com\\\/avatar\\\/c85b49c4b2122249d9de29134a9d97031cfe65af0902c8adf1041ee698f42831?s=96&d=mm&r=g\",\"url\":\"https:\\\/\\\/secure.gravatar.com\\\/avatar\\\/c85b49c4b2122249d9de29134a9d97031cfe65af0902c8adf1041ee698f42831?s=96&d=mm&r=g\",\"contentUrl\":\"https:\\\/\\\/secure.gravatar.com\\\/avatar\\\/c85b49c4b2122249d9de29134a9d97031cfe65af0902c8adf1041ee698f42831?s=96&d=mm&r=g\",\"caption\":\"esolvo\"},\"url\":\"https:\\\/\\\/blablavins.es\\\/es\\\/author\\\/esolvo\\\/\"}]}<\/script>\n<!-- \/ Yoast SEO plugin. -->","yoast_head_json":{"title":"Bla Bla Vins i M\u00e9s en la Feria de Cerdanyola - Distribu\u00efdor de vins a Palafolls - Barcelona- blablavins.es","robots":{"index":"index","follow":"follow","max-snippet":"max-snippet:-1","max-image-preview":"max-image-preview:large","max-video-preview":"max-video-preview:-1"},"canonical":"https:\/\/blablavins.es\/es\/bla-bla-vins-i-mes-en-la-feria-de-cerdanyola\/","og_locale":"es_ES","og_type":"article","og_title":"Bla Bla Vins i M\u00e9s en la Feria de Cerdanyola - Distribu\u00efdor de vins a Palafolls - Barcelona- blablavins.es","og_description":"La Feria de Cerdanyola, un punto de encuentro imprescindible Cada a\u00f1o, la Feria de Cerdanyola se convierte en una cita obligada para los amantes del vino y la gastronom\u00eda. En este evento, peque\u00f1os productores, grandes marcas y establecimientos especializados se re\u00fanen para presentar sus mejores propuestas al p\u00fablico. Este a\u00f1o, Bla Bla Vins i M\u00e9s [&hellip;]","og_url":"https:\/\/blablavins.es\/es\/bla-bla-vins-i-mes-en-la-feria-de-cerdanyola\/","og_site_name":"Distribu\u00efdor de vins a Palafolls - Barcelona- blablavins.es","article_published_time":"2025-04-03T07:49:37+00:00","article_modified_time":"2025-05-08T10:47:30+00:00","og_image":[{"width":2560,"height":1394,"url":"https:\/\/blablavins.es\/wp-content\/uploads\/2025\/05\/Cerdanyola-scaled.jpg","type":"image\/jpeg"}],"author":"esolvo","twitter_card":"summary_large_image","twitter_misc":{"Escrito por":"esolvo","Tiempo de lectura":"2 minutos"},"schema":{"@context":"https:\/\/schema.org","@graph":[{"@type":"Article","@id":"https:\/\/blablavins.es\/es\/bla-bla-vins-i-mes-en-la-feria-de-cerdanyola\/#article","isPartOf":{"@id":"https:\/\/blablavins.es\/es\/bla-bla-vins-i-mes-en-la-feria-de-cerdanyola\/"},"author":{"name":"esolvo","@id":"https:\/\/blablavins.es\/es\/#\/schema\/person\/d16bdb0917b0f0d4f3953e5d35e92a9a"},"headline":"Bla Bla Vins i M\u00e9s en la Feria de Cerdanyola","datePublished":"2025-04-03T07:49:37+00:00","dateModified":"2025-05-08T10:47:30+00:00","mainEntityOfPage":{"@id":"https:\/\/blablavins.es\/es\/bla-bla-vins-i-mes-en-la-feria-de-cerdanyola\/"},"wordCount":468,"image":{"@id":"https:\/\/blablavins.es\/es\/bla-bla-vins-i-mes-en-la-feria-de-cerdanyola\/#primaryimage"},"thumbnailUrl":"https:\/\/blablavins.es\/wp-content\/uploads\/2025\/05\/Cerdanyola-scaled.jpg","articleSection":["Noticias"],"inLanguage":"es"},{"@type":"WebPage","@id":"https:\/\/blablavins.es\/es\/bla-bla-vins-i-mes-en-la-feria-de-cerdanyola\/","url":"https:\/\/blablavins.es\/es\/bla-bla-vins-i-mes-en-la-feria-de-cerdanyola\/","name":"Bla Bla Vins i M\u00e9s en la Feria de Cerdanyola - Distribu\u00efdor de vins a Palafolls - Barcelona- blablavins.es","isPartOf":{"@id":"https:\/\/blablavins.es\/es\/#website"},"primaryImageOfPage":{"@id":"https:\/\/blablavins.es\/es\/bla-bla-vins-i-mes-en-la-feria-de-cerdanyola\/#primaryimage"},"image":{"@id":"https:\/\/blablavins.es\/es\/bla-bla-vins-i-mes-en-la-feria-de-cerdanyola\/#primaryimage"},"thumbnailUrl":"https:\/\/blablavins.es\/wp-content\/uploads\/2025\/05\/Cerdanyola-scaled.jpg","datePublished":"2025-04-03T07:49:37+00:00","dateModified":"2025-05-08T10:47:30+00:00","author":{"@id":"https:\/\/blablavins.es\/es\/#\/schema\/person\/d16bdb0917b0f0d4f3953e5d35e92a9a"},"breadcrumb":{"@id":"https:\/\/blablavins.es\/es\/bla-bla-vins-i-mes-en-la-feria-de-cerdanyola\/#breadcrumb"},"inLanguage":"es","potentialAction":[{"@type":"ReadAction","target":["https:\/\/blablavins.es\/es\/bla-bla-vins-i-mes-en-la-feria-de-cerdanyola\/"]}]},{"@type":"ImageObject","inLanguage":"es","@id":"https:\/\/blablavins.es\/es\/bla-bla-vins-i-mes-en-la-feria-de-cerdanyola\/#primaryimage","url":"https:\/\/blablavins.es\/wp-content\/uploads\/2025\/05\/Cerdanyola-scaled.jpg","contentUrl":"https:\/\/blablavins.es\/wp-content\/uploads\/2025\/05\/Cerdanyola-scaled.jpg","width":2560,"height":1394},{"@type":"BreadcrumbList","@id":"https:\/\/blablavins.es\/es\/bla-bla-vins-i-mes-en-la-feria-de-cerdanyola\/#breadcrumb","itemListElement":[{"@type":"ListItem","position":1,"name":"Portada","item":"https:\/\/blablavins.es\/es\/"},{"@type":"ListItem","position":2,"name":"Bla Bla Vins i M\u00e9s en la Feria de Cerdanyola"}]},{"@type":"WebSite","@id":"https:\/\/blablavins.es\/es\/#website","url":"https:\/\/blablavins.es\/es\/","name":"Distribu\u00efdor de vins a Palafolls - Barcelona- blablavins.es","description":"Productos selectos con un servicio \u00fanico","potentialAction":[{"@type":"SearchAction","target":{"@type":"EntryPoint","urlTemplate":"https:\/\/blablavins.es\/es\/?s={search_term_string}"},"query-input":{"@type":"PropertyValueSpecification","valueRequired":true,"valueName":"search_term_string"}}],"inLanguage":"es"},{"@type":"Person","@id":"https:\/\/blablavins.es\/es\/#\/schema\/person\/d16bdb0917b0f0d4f3953e5d35e92a9a","name":"esolvo","image":{"@type":"ImageObject","inLanguage":"es","@id":"https:\/\/secure.gravatar.com\/avatar\/c85b49c4b2122249d9de29134a9d97031cfe65af0902c8adf1041ee698f42831?s=96&d=mm&r=g","url":"https:\/\/secure.gravatar.com\/avatar\/c85b49c4b2122249d9de29134a9d97031cfe65af0902c8adf1041ee698f42831?s=96&d=mm&r=g","contentUrl":"https:\/\/secure.gravatar.com\/avatar\/c85b49c4b2122249d9de29134a9d97031cfe65af0902c8adf1041ee698f42831?s=96&d=mm&r=g","caption":"esolvo"},"url":"https:\/\/blablavins.es\/es\/author\/esolvo\/"}]}},"_links":{"self":[{"href":"https:\/\/blablavins.es\/es\/wp-json\/wp\/v2\/posts\/2054","targetHints":{"allow":["GET"]}}],"collection":[{"href":"https:\/\/blablavins.es\/es\/wp-json\/wp\/v2\/posts"}],"about":[{"href":"https:\/\/blablavins.es\/es\/wp-json\/wp\/v2\/types\/post"}],"author":[{"embeddable":true,"href":"https:\/\/blablavins.es\/es\/wp-json\/wp\/v2\/users\/2"}],"replies":[{"embeddable":true,"href":"https:\/\/blablavins.es\/es\/wp-json\/wp\/v2\/comments?post=2054"}],"version-history":[{"count":1,"href":"https:\/\/blablavins.es\/es\/wp-json\/wp\/v2\/posts\/2054\/revisions"}],"predecessor-version":[{"id":2055,"href":"https:\/\/blablavins.es\/es\/wp-json\/wp\/v2\/posts\/2054\/revisions\/2055"}],"wp:featuredmedia":[{"embeddable":true,"href":"https:\/\/blablavins.es\/es\/wp-json\/wp\/v2\/media\/2615"}],"wp:attachment":[{"href":"https:\/\/blablavins.es\/es\/wp-json\/wp\/v2\/media?parent=2054"}],"wp:term":[{"taxonomy":"category","embeddable":true,"href":"https:\/\/blablavins.es\/es\/wp-json\/wp\/v2\/categories?post=2054"},{"taxonomy":"post_tag","embeddable":true,"href":"https:\/\/blablavins.es\/es\/wp-json\/wp\/v2\/tags?post=2054"},{"taxonomy":"categoria-vins","embeddable":true,"href":"https:\/\/blablavins.es\/es\/wp-json\/wp\/v2\/categoria-vins?post=2054"}],"curies":[{"name":"wp","href":"https:\/\/api.w.org\/{rel}","templated":true}]}}