{"id":2139,"date":"2025-04-03T10:28:08","date_gmt":"2025-04-03T08:28:08","guid":{"rendered":"https:\/\/blablavins.es\/jamon-de-encinal-de-campo-iberico\/"},"modified":"2025-05-15T11:54:18","modified_gmt":"2025-05-15T09:54:18","slug":"jamon-de-encinal-de-campo-iberico","status":"publish","type":"post","link":"https:\/\/blablavins.es\/es\/jamon-de-encinal-de-campo-iberico\/","title":{"rendered":"Jam\u00f3n de cebo campo ib\u00e9rico"},"content":{"rendered":"\n<h4 class=\"wp-block-heading\"><\/h4>\n\n<p><strong>DENOMINACI\u00d3N DE VENTA:<\/strong> <\/p>\n\n<p>Jam\u00f3n de Cebo Campo 100% Ib\u00e9rico<br\/>Jam\u00f3n de Cebo Campo Ib\u00e9rico 75% Raza Ib\u00e9rica<br\/>Jam\u00f3n de Cebo Campo Ib\u00e9rico 50% Raza Ib\u00e9rica<\/p>\n\n<p><strong>DEFINICI\u00d3N:<\/strong> <\/p>\n\n<p>Producto elaborado con la extremidad posterior, cortada a nivel de la s\u00ednfisis isquiopubiana, con pata y hueso, que incluye la pieza osteomuscular \u00edntegra, procedente de cerdos adultos, sometida al correspondiente proceso de salado y curado &#8211; maduraci\u00f3n.<\/p>\n\n<p><strong>PROCEDENCIA:<\/strong> <\/p>\n\n<p>Cerdos nacidos en Extremadura, sacrificados y curados en Guijuelo.<\/p>\n\n<p><strong>INGREDIENTES:<\/strong> <\/p>\n\n<p>Jam\u00f3n de cerdo ib\u00e9rico de encinal de campo, sal com\u00fan, az\u00facar, corrector de la acidez (E-331iii) y conservadores (E-252, E-250).<\/p>\n\n<p><strong>TRATAMIENTOS APLICADOS:<\/strong> <\/p>\n\n<p>Salado, asentamiento en c\u00e1mara de salado, lavado, embuchado, secado, maduraci\u00f3n y almacenado en bodega natural.<\/p>\n\n<p><strong>ETIQUETADO:<\/strong> <\/p>\n\n<p>Etiqueta identificativa con denominaci\u00f3n, lote, ingredientes y fecha de caducidad, n\u00famero de registro sanitario y raz\u00f3n social. Conforme al 1169\/2011. <\/p>\n\n<p><strong>AL\u00c9RGENOS Y OGM&#8217;S:<\/strong> <\/p>\n\n<p>NO CONTIENE.<\/p>\n\n<p><strong>DESCRIPCI\u00d3N DEL ENVASE Y EMBALAJE:<\/strong><\/p>\n\n<p>Formato de venta:<\/p>\n\n<ul class=\"wp-block-list\">\n<li>Pieza entera con o sin malla<\/li>\n\n\n\n<li>Pieza deshuesada envasada al vac\u00edo<\/li>\n<\/ul>\n\n<p>Envasado: <\/p>\n\n<ul class=\"wp-block-list\">\n<li>En bolsas de PA\/PE<\/li>\n<\/ul>\n\n<p><br\/>Embalaje:<\/p>\n\n<ul class=\"wp-block-list\">\n<li>Cajas de cart\u00f3n de 2 piezas enteras<\/li>\n\n\n\n<li>Cajas de cart\u00f3n de 2 piezas deshuesadas envasadas al vac\u00edo<\/li>\n\n\n\n<li>Caja de piezas enteras<\/li>\n<\/ul>\n\n<p><\/p>\n\n<p><strong>M\u00c9TODOS DE CONSERVACI\u00d3N Y ALMACENAJE:<\/strong><\/p>\n\n<p>Producto: Mantener en lugar fresco y seco<br\/>Producto envasado al vac\u00edo: Mantener en lugar fresco y seco.<\/p>\n\n<p><strong>INSTRUCCIONES PARA EL CONSUMIDOR:<\/strong> <\/p>\n\n<p>Listo para el consumo<\/p>\n\n<p><strong>POBLACI\u00d3N DESTINO:<\/strong> <\/p>\n\n<p>Toda la poblaci\u00f3n, excepto en casos de contraindicaciones m\u00e9dicas.<\/p>\n\n<p><\/p>\n","protected":false},"excerpt":{"rendered":"<p>DENOMINACI\u00d3N DE VENTA: Jam\u00f3n de Cebo Campo 100% Ib\u00e9ricoJam\u00f3n de Cebo Campo Ib\u00e9rico 75% Raza Ib\u00e9ricaJam\u00f3n de Cebo Campo Ib\u00e9rico 50% Raza Ib\u00e9rica DEFINICI\u00d3N: Producto elaborado con la extremidad posterior, cortada a nivel de la s\u00ednfisis isquiopubiana, con pata y hueso, que incluye la pieza osteomuscular \u00edntegra, procedente de cerdos adultos, sometida al correspondiente proceso [&hellip;]<\/p>\n","protected":false},"author":2,"featured_media":1489,"comment_status":"closed","ping_status":"closed","sticky":false,"template":"","format":"standard","meta":{"_joinchat":[],"footnotes":""},"categories":[86],"tags":[87],"categoria-vins":[],"class_list":["post-2139","post","type-post","status-publish","format-standard","has-post-thumbnail","hentry","category-jamones","tag-jamones"],"yoast_head":"<!-- This site is optimized with the Yoast SEO plugin v27.6 - https:\/\/yoast.com\/product\/yoast-seo-wordpress\/ -->\n<title>Jam\u00f3n de cebo campo ib\u00e9rico - Distribu\u00efdor de vins a Palafolls - Barcelona- blablavins.es<\/title>\n<meta name=\"robots\" content=\"index, follow, max-snippet:-1, max-image-preview:large, max-video-preview:-1\" \/>\n<link rel=\"canonical\" href=\"https:\/\/blablavins.es\/es\/jamon-de-encinal-de-campo-iberico\/\" \/>\n<meta property=\"og:locale\" content=\"es_ES\" \/>\n<meta property=\"og:type\" content=\"article\" \/>\n<meta property=\"og:title\" content=\"Jam\u00f3n de cebo campo ib\u00e9rico - Distribu\u00efdor de vins a Palafolls - Barcelona- blablavins.es\" \/>\n<meta property=\"og:description\" content=\"DENOMINACI\u00d3N DE VENTA: Jam\u00f3n de Cebo Campo 100% Ib\u00e9ricoJam\u00f3n de Cebo Campo Ib\u00e9rico 75% Raza Ib\u00e9ricaJam\u00f3n de Cebo Campo Ib\u00e9rico 50% Raza Ib\u00e9rica DEFINICI\u00d3N: Producto elaborado con la extremidad posterior, cortada a nivel de la s\u00ednfisis isquiopubiana, con pata y hueso, que incluye la pieza osteomuscular \u00edntegra, procedente de cerdos adultos, sometida al correspondiente proceso [&hellip;]\" \/>\n<meta property=\"og:url\" content=\"https:\/\/blablavins.es\/es\/jamon-de-encinal-de-campo-iberico\/\" \/>\n<meta property=\"og:site_name\" content=\"Distribu\u00efdor de vins a Palafolls - Barcelona- blablavins.es\" \/>\n<meta property=\"article:published_time\" content=\"2025-04-03T08:28:08+00:00\" \/>\n<meta property=\"article:modified_time\" content=\"2025-05-15T09:54:18+00:00\" \/>\n<meta property=\"og:image\" content=\"https:\/\/blablavins.es\/wp-content\/uploads\/2025\/03\/JAMON-CEBO_CAMPO.png\" \/>\n\t<meta property=\"og:image:width\" content=\"1067\" \/>\n\t<meta property=\"og:image:height\" content=\"1599\" \/>\n\t<meta property=\"og:image:type\" content=\"image\/png\" \/>\n<meta name=\"author\" content=\"esolvo\" \/>\n<meta name=\"twitter:card\" content=\"summary_large_image\" \/>\n<meta name=\"twitter:label1\" content=\"Escrito por\" \/>\n\t<meta name=\"twitter:data1\" content=\"esolvo\" \/>\n\t<meta name=\"twitter:label2\" content=\"Tiempo de lectura\" \/>\n\t<meta name=\"twitter:data2\" content=\"1 minuto\" \/>\n<script type=\"application\/ld+json\" class=\"yoast-schema-graph\">{\"@context\":\"https:\\\/\\\/schema.org\",\"@graph\":[{\"@type\":\"Article\",\"@id\":\"https:\\\/\\\/blablavins.es\\\/es\\\/jamon-de-encinal-de-campo-iberico\\\/#article\",\"isPartOf\":{\"@id\":\"https:\\\/\\\/blablavins.es\\\/es\\\/jamon-de-encinal-de-campo-iberico\\\/\"},\"author\":{\"name\":\"esolvo\",\"@id\":\"https:\\\/\\\/blablavins.es\\\/es\\\/#\\\/schema\\\/person\\\/d16bdb0917b0f0d4f3953e5d35e92a9a\"},\"headline\":\"Jam\u00f3n de cebo campo ib\u00e9rico\",\"datePublished\":\"2025-04-03T08:28:08+00:00\",\"dateModified\":\"2025-05-15T09:54:18+00:00\",\"mainEntityOfPage\":{\"@id\":\"https:\\\/\\\/blablavins.es\\\/es\\\/jamon-de-encinal-de-campo-iberico\\\/\"},\"wordCount\":258,\"image\":{\"@id\":\"https:\\\/\\\/blablavins.es\\\/es\\\/jamon-de-encinal-de-campo-iberico\\\/#primaryimage\"},\"thumbnailUrl\":\"https:\\\/\\\/blablavins.es\\\/wp-content\\\/uploads\\\/2025\\\/03\\\/JAMON-CEBO_CAMPO.png\",\"keywords\":[\"Jamones\"],\"articleSection\":[\"Jamones\"],\"inLanguage\":\"es\"},{\"@type\":\"WebPage\",\"@id\":\"https:\\\/\\\/blablavins.es\\\/es\\\/jamon-de-encinal-de-campo-iberico\\\/\",\"url\":\"https:\\\/\\\/blablavins.es\\\/es\\\/jamon-de-encinal-de-campo-iberico\\\/\",\"name\":\"Jam\u00f3n de cebo campo ib\u00e9rico - Distribu\u00efdor de vins a Palafolls - Barcelona- blablavins.es\",\"isPartOf\":{\"@id\":\"https:\\\/\\\/blablavins.es\\\/es\\\/#website\"},\"primaryImageOfPage\":{\"@id\":\"https:\\\/\\\/blablavins.es\\\/es\\\/jamon-de-encinal-de-campo-iberico\\\/#primaryimage\"},\"image\":{\"@id\":\"https:\\\/\\\/blablavins.es\\\/es\\\/jamon-de-encinal-de-campo-iberico\\\/#primaryimage\"},\"thumbnailUrl\":\"https:\\\/\\\/blablavins.es\\\/wp-content\\\/uploads\\\/2025\\\/03\\\/JAMON-CEBO_CAMPO.png\",\"datePublished\":\"2025-04-03T08:28:08+00:00\",\"dateModified\":\"2025-05-15T09:54:18+00:00\",\"author\":{\"@id\":\"https:\\\/\\\/blablavins.es\\\/es\\\/#\\\/schema\\\/person\\\/d16bdb0917b0f0d4f3953e5d35e92a9a\"},\"breadcrumb\":{\"@id\":\"https:\\\/\\\/blablavins.es\\\/es\\\/jamon-de-encinal-de-campo-iberico\\\/#breadcrumb\"},\"inLanguage\":\"es\",\"potentialAction\":[{\"@type\":\"ReadAction\",\"target\":[\"https:\\\/\\\/blablavins.es\\\/es\\\/jamon-de-encinal-de-campo-iberico\\\/\"]}]},{\"@type\":\"ImageObject\",\"inLanguage\":\"es\",\"@id\":\"https:\\\/\\\/blablavins.es\\\/es\\\/jamon-de-encinal-de-campo-iberico\\\/#primaryimage\",\"url\":\"https:\\\/\\\/blablavins.es\\\/wp-content\\\/uploads\\\/2025\\\/03\\\/JAMON-CEBO_CAMPO.png\",\"contentUrl\":\"https:\\\/\\\/blablavins.es\\\/wp-content\\\/uploads\\\/2025\\\/03\\\/JAMON-CEBO_CAMPO.png\",\"width\":1067,\"height\":1599},{\"@type\":\"BreadcrumbList\",\"@id\":\"https:\\\/\\\/blablavins.es\\\/es\\\/jamon-de-encinal-de-campo-iberico\\\/#breadcrumb\",\"itemListElement\":[{\"@type\":\"ListItem\",\"position\":1,\"name\":\"Portada\",\"item\":\"https:\\\/\\\/blablavins.es\\\/es\\\/\"},{\"@type\":\"ListItem\",\"position\":2,\"name\":\"Jam\u00f3n de cebo campo ib\u00e9rico\"}]},{\"@type\":\"WebSite\",\"@id\":\"https:\\\/\\\/blablavins.es\\\/es\\\/#website\",\"url\":\"https:\\\/\\\/blablavins.es\\\/es\\\/\",\"name\":\"Distribu\u00efdor de vins a Palafolls - Barcelona- blablavins.es\",\"description\":\"Productos selectos con un servicio \u00fanico\",\"potentialAction\":[{\"@type\":\"SearchAction\",\"target\":{\"@type\":\"EntryPoint\",\"urlTemplate\":\"https:\\\/\\\/blablavins.es\\\/es\\\/?s={search_term_string}\"},\"query-input\":{\"@type\":\"PropertyValueSpecification\",\"valueRequired\":true,\"valueName\":\"search_term_string\"}}],\"inLanguage\":\"es\"},{\"@type\":\"Person\",\"@id\":\"https:\\\/\\\/blablavins.es\\\/es\\\/#\\\/schema\\\/person\\\/d16bdb0917b0f0d4f3953e5d35e92a9a\",\"name\":\"esolvo\",\"image\":{\"@type\":\"ImageObject\",\"inLanguage\":\"es\",\"@id\":\"https:\\\/\\\/secure.gravatar.com\\\/avatar\\\/c85b49c4b2122249d9de29134a9d97031cfe65af0902c8adf1041ee698f42831?s=96&d=mm&r=g\",\"url\":\"https:\\\/\\\/secure.gravatar.com\\\/avatar\\\/c85b49c4b2122249d9de29134a9d97031cfe65af0902c8adf1041ee698f42831?s=96&d=mm&r=g\",\"contentUrl\":\"https:\\\/\\\/secure.gravatar.com\\\/avatar\\\/c85b49c4b2122249d9de29134a9d97031cfe65af0902c8adf1041ee698f42831?s=96&d=mm&r=g\",\"caption\":\"esolvo\"},\"url\":\"https:\\\/\\\/blablavins.es\\\/es\\\/author\\\/esolvo\\\/\"}]}<\/script>\n<!-- \/ Yoast SEO plugin. -->","yoast_head_json":{"title":"Jam\u00f3n de cebo campo ib\u00e9rico - Distribu\u00efdor de vins a Palafolls - Barcelona- blablavins.es","robots":{"index":"index","follow":"follow","max-snippet":"max-snippet:-1","max-image-preview":"max-image-preview:large","max-video-preview":"max-video-preview:-1"},"canonical":"https:\/\/blablavins.es\/es\/jamon-de-encinal-de-campo-iberico\/","og_locale":"es_ES","og_type":"article","og_title":"Jam\u00f3n de cebo campo ib\u00e9rico - Distribu\u00efdor de vins a Palafolls - Barcelona- blablavins.es","og_description":"DENOMINACI\u00d3N DE VENTA: Jam\u00f3n de Cebo Campo 100% Ib\u00e9ricoJam\u00f3n de Cebo Campo Ib\u00e9rico 75% Raza Ib\u00e9ricaJam\u00f3n de Cebo Campo Ib\u00e9rico 50% Raza Ib\u00e9rica DEFINICI\u00d3N: Producto elaborado con la extremidad posterior, cortada a nivel de la s\u00ednfisis isquiopubiana, con pata y hueso, que incluye la pieza osteomuscular \u00edntegra, procedente de cerdos adultos, sometida al correspondiente proceso [&hellip;]","og_url":"https:\/\/blablavins.es\/es\/jamon-de-encinal-de-campo-iberico\/","og_site_name":"Distribu\u00efdor de vins a Palafolls - Barcelona- blablavins.es","article_published_time":"2025-04-03T08:28:08+00:00","article_modified_time":"2025-05-15T09:54:18+00:00","og_image":[{"width":1067,"height":1599,"url":"https:\/\/blablavins.es\/wp-content\/uploads\/2025\/03\/JAMON-CEBO_CAMPO.png","type":"image\/png"}],"author":"esolvo","twitter_card":"summary_large_image","twitter_misc":{"Escrito por":"esolvo","Tiempo de lectura":"1 minuto"},"schema":{"@context":"https:\/\/schema.org","@graph":[{"@type":"Article","@id":"https:\/\/blablavins.es\/es\/jamon-de-encinal-de-campo-iberico\/#article","isPartOf":{"@id":"https:\/\/blablavins.es\/es\/jamon-de-encinal-de-campo-iberico\/"},"author":{"name":"esolvo","@id":"https:\/\/blablavins.es\/es\/#\/schema\/person\/d16bdb0917b0f0d4f3953e5d35e92a9a"},"headline":"Jam\u00f3n de cebo campo ib\u00e9rico","datePublished":"2025-04-03T08:28:08+00:00","dateModified":"2025-05-15T09:54:18+00:00","mainEntityOfPage":{"@id":"https:\/\/blablavins.es\/es\/jamon-de-encinal-de-campo-iberico\/"},"wordCount":258,"image":{"@id":"https:\/\/blablavins.es\/es\/jamon-de-encinal-de-campo-iberico\/#primaryimage"},"thumbnailUrl":"https:\/\/blablavins.es\/wp-content\/uploads\/2025\/03\/JAMON-CEBO_CAMPO.png","keywords":["Jamones"],"articleSection":["Jamones"],"inLanguage":"es"},{"@type":"WebPage","@id":"https:\/\/blablavins.es\/es\/jamon-de-encinal-de-campo-iberico\/","url":"https:\/\/blablavins.es\/es\/jamon-de-encinal-de-campo-iberico\/","name":"Jam\u00f3n de cebo campo ib\u00e9rico - Distribu\u00efdor de vins a Palafolls - Barcelona- blablavins.es","isPartOf":{"@id":"https:\/\/blablavins.es\/es\/#website"},"primaryImageOfPage":{"@id":"https:\/\/blablavins.es\/es\/jamon-de-encinal-de-campo-iberico\/#primaryimage"},"image":{"@id":"https:\/\/blablavins.es\/es\/jamon-de-encinal-de-campo-iberico\/#primaryimage"},"thumbnailUrl":"https:\/\/blablavins.es\/wp-content\/uploads\/2025\/03\/JAMON-CEBO_CAMPO.png","datePublished":"2025-04-03T08:28:08+00:00","dateModified":"2025-05-15T09:54:18+00:00","author":{"@id":"https:\/\/blablavins.es\/es\/#\/schema\/person\/d16bdb0917b0f0d4f3953e5d35e92a9a"},"breadcrumb":{"@id":"https:\/\/blablavins.es\/es\/jamon-de-encinal-de-campo-iberico\/#breadcrumb"},"inLanguage":"es","potentialAction":[{"@type":"ReadAction","target":["https:\/\/blablavins.es\/es\/jamon-de-encinal-de-campo-iberico\/"]}]},{"@type":"ImageObject","inLanguage":"es","@id":"https:\/\/blablavins.es\/es\/jamon-de-encinal-de-campo-iberico\/#primaryimage","url":"https:\/\/blablavins.es\/wp-content\/uploads\/2025\/03\/JAMON-CEBO_CAMPO.png","contentUrl":"https:\/\/blablavins.es\/wp-content\/uploads\/2025\/03\/JAMON-CEBO_CAMPO.png","width":1067,"height":1599},{"@type":"BreadcrumbList","@id":"https:\/\/blablavins.es\/es\/jamon-de-encinal-de-campo-iberico\/#breadcrumb","itemListElement":[{"@type":"ListItem","position":1,"name":"Portada","item":"https:\/\/blablavins.es\/es\/"},{"@type":"ListItem","position":2,"name":"Jam\u00f3n de cebo campo ib\u00e9rico"}]},{"@type":"WebSite","@id":"https:\/\/blablavins.es\/es\/#website","url":"https:\/\/blablavins.es\/es\/","name":"Distribu\u00efdor de vins a Palafolls - Barcelona- blablavins.es","description":"Productos selectos con un servicio \u00fanico","potentialAction":[{"@type":"SearchAction","target":{"@type":"EntryPoint","urlTemplate":"https:\/\/blablavins.es\/es\/?s={search_term_string}"},"query-input":{"@type":"PropertyValueSpecification","valueRequired":true,"valueName":"search_term_string"}}],"inLanguage":"es"},{"@type":"Person","@id":"https:\/\/blablavins.es\/es\/#\/schema\/person\/d16bdb0917b0f0d4f3953e5d35e92a9a","name":"esolvo","image":{"@type":"ImageObject","inLanguage":"es","@id":"https:\/\/secure.gravatar.com\/avatar\/c85b49c4b2122249d9de29134a9d97031cfe65af0902c8adf1041ee698f42831?s=96&d=mm&r=g","url":"https:\/\/secure.gravatar.com\/avatar\/c85b49c4b2122249d9de29134a9d97031cfe65af0902c8adf1041ee698f42831?s=96&d=mm&r=g","contentUrl":"https:\/\/secure.gravatar.com\/avatar\/c85b49c4b2122249d9de29134a9d97031cfe65af0902c8adf1041ee698f42831?s=96&d=mm&r=g","caption":"esolvo"},"url":"https:\/\/blablavins.es\/es\/author\/esolvo\/"}]}},"_links":{"self":[{"href":"https:\/\/blablavins.es\/es\/wp-json\/wp\/v2\/posts\/2139","targetHints":{"allow":["GET"]}}],"collection":[{"href":"https:\/\/blablavins.es\/es\/wp-json\/wp\/v2\/posts"}],"about":[{"href":"https:\/\/blablavins.es\/es\/wp-json\/wp\/v2\/types\/post"}],"author":[{"embeddable":true,"href":"https:\/\/blablavins.es\/es\/wp-json\/wp\/v2\/users\/2"}],"replies":[{"embeddable":true,"href":"https:\/\/blablavins.es\/es\/wp-json\/wp\/v2\/comments?post=2139"}],"version-history":[{"count":3,"href":"https:\/\/blablavins.es\/es\/wp-json\/wp\/v2\/posts\/2139\/revisions"}],"predecessor-version":[{"id":2752,"href":"https:\/\/blablavins.es\/es\/wp-json\/wp\/v2\/posts\/2139\/revisions\/2752"}],"wp:featuredmedia":[{"embeddable":true,"href":"https:\/\/blablavins.es\/es\/wp-json\/wp\/v2\/media\/1489"}],"wp:attachment":[{"href":"https:\/\/blablavins.es\/es\/wp-json\/wp\/v2\/media?parent=2139"}],"wp:term":[{"taxonomy":"category","embeddable":true,"href":"https:\/\/blablavins.es\/es\/wp-json\/wp\/v2\/categories?post=2139"},{"taxonomy":"post_tag","embeddable":true,"href":"https:\/\/blablavins.es\/es\/wp-json\/wp\/v2\/tags?post=2139"},{"taxonomy":"categoria-vins","embeddable":true,"href":"https:\/\/blablavins.es\/es\/wp-json\/wp\/v2\/categoria-vins?post=2139"}],"curies":[{"name":"wp","href":"https:\/\/api.w.org\/{rel}","templated":true}]}}