{"id":2173,"date":"2025-04-02T08:20:14","date_gmt":"2025-04-02T06:20:14","guid":{"rendered":"https:\/\/blablavins.es\/vi-del-banya\/"},"modified":"2026-08-31T16:28:24","modified_gmt":"2026-08-31T14:28:24","slug":"vi-del-banya","status":"publish","type":"post","link":"https:\/\/blablavins.es\/es\/vi-del-banya\/","title":{"rendered":"Pura Vida Negro"},"content":{"rendered":"\n<p>VARIEDADES<\/p>\n\n<p>60% Garnacha Negra + 25% Ull de llebre (Tempr.) + 15% Syrah<\/p>\n\n<p>ZONA I VI\u00d1AS<\/p>\n\n<p>Vino elaborado en la DO Costers del Segre, sobre suelos calizos, de poca profundidad y textura arcillo-limosa. Zona de clima continental, inviernos fr\u00edos y veranos calurosos. Pluviosidad baja, alrededor de 350 mm al a\u00f1o.  <\/p>\n\n<p><strong>ELABORACI\u00d3N<\/strong><\/p>\n\n<p>Uvas refrigeradas a 4\u202f\u00b0C durante una noche para su proceso al d\u00eda siguiente, protegi\u00e9ndolas as\u00ed de la oxidaci\u00f3n y adem\u00e1s favoreciendo la extracci\u00f3n arom\u00e1tica de la piel. Fermentaci\u00f3n en dep\u00f3sito de acero inoxidable a 26 grados, alternando remontados cortos con d\u00e9lestage favoreciendo la extracci\u00f3n y la aireaci\u00f3n del mosto para el trabajo de estabilizaci\u00f3n del color y redondeo de la estructura del vino. Coupage de las variedades despu\u00e9s de la fermentaci\u00f3n malol\u00e1ctica. Crianza en barrica de roble franc\u00e9s 12 meses. Barricas de 2 y 3 a\u00f1os para respetar el car\u00e1cter fresco y varietal del vino. Acompa\u00f1ando en complejidad y maduraci\u00f3n la fusi\u00f3n de las tres variedades. Refrescado con un 15\u202f% de vino nuevo al salir de las barricas y embotellado.     <\/p>\n\n<p><strong>CATA<\/strong><\/p>\n\n<p>Color rojo granate oscuro. Aroma intenso de frutas rojas y angostura sobre el fondo mineral de piedra, flor seca y cacao abren un universo de gran riqueza arom\u00e1tica aportada por las tres variedades. Durante la apertura, la fruta roja (cereza y grosella) pasa a dominar la expresi\u00f3n del vino, destacando una buena viveza y frescura. Notas mentoladas de garnacha se mezclan con la violeta del Syrah, y se va combinando la frescura con la dulzura de la Garnacha.<br\/>En boca ofrece gran volumen al inicio dominando las notas confitadas de la Garnacha. La Ull de Llebre aporta acidez, tensando y dando car\u00e1cter fluido al paso por boca, estructurando con un ligero tanino, dando forma a las sensaciones m\u00e1s a\u00e9reas de la garnacha. El Syrah llena la media boca, aportando carnosidad as\u00ed como color en la fase visual.<br\/>El recuerdo es goloso y dulce, con el contrapunto de la Ull de Llebre que contiene la acidez y el car\u00e1cter m\u00e1s voluble de la Garnacha y el Syrah.     <\/p>\n\n<p><\/p>\n\n<p><\/p>\n\n<h4 class=\"wp-block-heading\"><\/h4>\n\n<p><\/p>\n","protected":false},"excerpt":{"rendered":"<p>VARIEDADES 60% Garnacha Negra + 25% Ull de llebre (Tempr.) + 15% Syrah ZONA I VI\u00d1AS Vino elaborado en la DO Costers del Segre, sobre suelos calizos, de poca profundidad y textura arcillo-limosa. Zona de clima continental, inviernos fr\u00edos y veranos calurosos. Pluviosidad baja, alrededor de 350 mm al a\u00f1o. ELABORACI\u00d3N Uvas refrigeradas a 4\u202f\u00b0C [&hellip;]<\/p>\n","protected":false},"author":2,"featured_media":3066,"comment_status":"closed","ping_status":"closed","sticky":false,"template":"","format":"standard","meta":{"_joinchat":[],"footnotes":""},"categories":[85],"tags":[],"categoria-vins":[93],"class_list":["post-2173","post","type-post","status-publish","format-standard","has-post-thumbnail","hentry","category-vinos","categoria-vins-cellers-undergraund"],"yoast_head":"<!-- This site is optimized with the Yoast SEO plugin v27.6 - https:\/\/yoast.com\/product\/yoast-seo-wordpress\/ -->\n<title>Pura Vida Negro - Distribu\u00efdor de vins a Palafolls - Barcelona- blablavins.es<\/title>\n<meta name=\"robots\" content=\"index, follow, max-snippet:-1, max-image-preview:large, max-video-preview:-1\" \/>\n<link rel=\"canonical\" href=\"https:\/\/blablavins.es\/es\/vi-del-banya\/\" \/>\n<meta property=\"og:locale\" content=\"es_ES\" \/>\n<meta property=\"og:type\" content=\"article\" \/>\n<meta property=\"og:title\" content=\"Pura Vida Negro - Distribu\u00efdor de vins a Palafolls - Barcelona- blablavins.es\" \/>\n<meta property=\"og:description\" content=\"VARIEDADES 60% Garnacha Negra + 25% Ull de llebre (Tempr.) + 15% Syrah ZONA I VI\u00d1AS Vino elaborado en la DO Costers del Segre, sobre suelos calizos, de poca profundidad y textura arcillo-limosa. Zona de clima continental, inviernos fr\u00edos y veranos calurosos. Pluviosidad baja, alrededor de 350 mm al a\u00f1o. ELABORACI\u00d3N Uvas refrigeradas a 4\u202f\u00b0C [&hellip;]\" \/>\n<meta property=\"og:url\" content=\"https:\/\/blablavins.es\/es\/vi-del-banya\/\" \/>\n<meta property=\"og:site_name\" content=\"Distribu\u00efdor de vins a Palafolls - Barcelona- blablavins.es\" \/>\n<meta property=\"article:published_time\" content=\"2025-04-02T06:20:14+00:00\" \/>\n<meta property=\"article:modified_time\" content=\"2026-08-31T14:28:24+00:00\" \/>\n<meta property=\"og:image\" content=\"https:\/\/blablavins.es\/wp-content\/uploads\/2025\/04\/undergraun_Pura_Vida_Tinto_CAT_2023_page-0001-removebg-preview.png\" \/>\n\t<meta property=\"og:image:width\" content=\"197\" \/>\n\t<meta property=\"og:image:height\" content=\"612\" \/>\n\t<meta property=\"og:image:type\" content=\"image\/png\" \/>\n<meta name=\"author\" content=\"esolvo\" \/>\n<meta name=\"twitter:card\" content=\"summary_large_image\" \/>\n<meta name=\"twitter:label1\" content=\"Escrito por\" \/>\n\t<meta name=\"twitter:data1\" content=\"esolvo\" \/>\n\t<meta name=\"twitter:label2\" content=\"Tiempo de lectura\" \/>\n\t<meta name=\"twitter:data2\" content=\"2 minutos\" \/>\n<script type=\"application\/ld+json\" class=\"yoast-schema-graph\">{\"@context\":\"https:\\\/\\\/schema.org\",\"@graph\":[{\"@type\":\"Article\",\"@id\":\"https:\\\/\\\/blablavins.es\\\/es\\\/vi-del-banya\\\/#article\",\"isPartOf\":{\"@id\":\"https:\\\/\\\/blablavins.es\\\/es\\\/vi-del-banya\\\/\"},\"author\":{\"name\":\"esolvo\",\"@id\":\"https:\\\/\\\/blablavins.es\\\/es\\\/#\\\/schema\\\/person\\\/d16bdb0917b0f0d4f3953e5d35e92a9a\"},\"headline\":\"Pura Vida Negro\",\"datePublished\":\"2025-04-02T06:20:14+00:00\",\"dateModified\":\"2026-08-31T14:28:24+00:00\",\"mainEntityOfPage\":{\"@id\":\"https:\\\/\\\/blablavins.es\\\/es\\\/vi-del-banya\\\/\"},\"wordCount\":362,\"image\":{\"@id\":\"https:\\\/\\\/blablavins.es\\\/es\\\/vi-del-banya\\\/#primaryimage\"},\"thumbnailUrl\":\"https:\\\/\\\/blablavins.es\\\/wp-content\\\/uploads\\\/2025\\\/04\\\/undergraun_Pura_Vida_Tinto_CAT_2023_page-0001-removebg-preview.png\",\"articleSection\":[\"Vinos\"],\"inLanguage\":\"es\"},{\"@type\":\"WebPage\",\"@id\":\"https:\\\/\\\/blablavins.es\\\/es\\\/vi-del-banya\\\/\",\"url\":\"https:\\\/\\\/blablavins.es\\\/es\\\/vi-del-banya\\\/\",\"name\":\"Pura Vida Negro - Distribu\u00efdor de vins a Palafolls - Barcelona- blablavins.es\",\"isPartOf\":{\"@id\":\"https:\\\/\\\/blablavins.es\\\/es\\\/#website\"},\"primaryImageOfPage\":{\"@id\":\"https:\\\/\\\/blablavins.es\\\/es\\\/vi-del-banya\\\/#primaryimage\"},\"image\":{\"@id\":\"https:\\\/\\\/blablavins.es\\\/es\\\/vi-del-banya\\\/#primaryimage\"},\"thumbnailUrl\":\"https:\\\/\\\/blablavins.es\\\/wp-content\\\/uploads\\\/2025\\\/04\\\/undergraun_Pura_Vida_Tinto_CAT_2023_page-0001-removebg-preview.png\",\"datePublished\":\"2025-04-02T06:20:14+00:00\",\"dateModified\":\"2026-08-31T14:28:24+00:00\",\"author\":{\"@id\":\"https:\\\/\\\/blablavins.es\\\/es\\\/#\\\/schema\\\/person\\\/d16bdb0917b0f0d4f3953e5d35e92a9a\"},\"breadcrumb\":{\"@id\":\"https:\\\/\\\/blablavins.es\\\/es\\\/vi-del-banya\\\/#breadcrumb\"},\"inLanguage\":\"es\",\"potentialAction\":[{\"@type\":\"ReadAction\",\"target\":[\"https:\\\/\\\/blablavins.es\\\/es\\\/vi-del-banya\\\/\"]}]},{\"@type\":\"ImageObject\",\"inLanguage\":\"es\",\"@id\":\"https:\\\/\\\/blablavins.es\\\/es\\\/vi-del-banya\\\/#primaryimage\",\"url\":\"https:\\\/\\\/blablavins.es\\\/wp-content\\\/uploads\\\/2025\\\/04\\\/undergraun_Pura_Vida_Tinto_CAT_2023_page-0001-removebg-preview.png\",\"contentUrl\":\"https:\\\/\\\/blablavins.es\\\/wp-content\\\/uploads\\\/2025\\\/04\\\/undergraun_Pura_Vida_Tinto_CAT_2023_page-0001-removebg-preview.png\",\"width\":197,\"height\":612},{\"@type\":\"BreadcrumbList\",\"@id\":\"https:\\\/\\\/blablavins.es\\\/es\\\/vi-del-banya\\\/#breadcrumb\",\"itemListElement\":[{\"@type\":\"ListItem\",\"position\":1,\"name\":\"Portada\",\"item\":\"https:\\\/\\\/blablavins.es\\\/es\\\/\"},{\"@type\":\"ListItem\",\"position\":2,\"name\":\"Pura Vida Negro\"}]},{\"@type\":\"WebSite\",\"@id\":\"https:\\\/\\\/blablavins.es\\\/es\\\/#website\",\"url\":\"https:\\\/\\\/blablavins.es\\\/es\\\/\",\"name\":\"Distribu\u00efdor de vins a Palafolls - Barcelona- blablavins.es\",\"description\":\"Productos selectos con un servicio \u00fanico\",\"potentialAction\":[{\"@type\":\"SearchAction\",\"target\":{\"@type\":\"EntryPoint\",\"urlTemplate\":\"https:\\\/\\\/blablavins.es\\\/es\\\/?s={search_term_string}\"},\"query-input\":{\"@type\":\"PropertyValueSpecification\",\"valueRequired\":true,\"valueName\":\"search_term_string\"}}],\"inLanguage\":\"es\"},{\"@type\":\"Person\",\"@id\":\"https:\\\/\\\/blablavins.es\\\/es\\\/#\\\/schema\\\/person\\\/d16bdb0917b0f0d4f3953e5d35e92a9a\",\"name\":\"esolvo\",\"image\":{\"@type\":\"ImageObject\",\"inLanguage\":\"es\",\"@id\":\"https:\\\/\\\/secure.gravatar.com\\\/avatar\\\/c85b49c4b2122249d9de29134a9d97031cfe65af0902c8adf1041ee698f42831?s=96&d=mm&r=g\",\"url\":\"https:\\\/\\\/secure.gravatar.com\\\/avatar\\\/c85b49c4b2122249d9de29134a9d97031cfe65af0902c8adf1041ee698f42831?s=96&d=mm&r=g\",\"contentUrl\":\"https:\\\/\\\/secure.gravatar.com\\\/avatar\\\/c85b49c4b2122249d9de29134a9d97031cfe65af0902c8adf1041ee698f42831?s=96&d=mm&r=g\",\"caption\":\"esolvo\"},\"url\":\"https:\\\/\\\/blablavins.es\\\/es\\\/author\\\/esolvo\\\/\"}]}<\/script>\n<!-- \/ Yoast SEO plugin. -->","yoast_head_json":{"title":"Pura Vida Negro - Distribu\u00efdor de vins a Palafolls - Barcelona- blablavins.es","robots":{"index":"index","follow":"follow","max-snippet":"max-snippet:-1","max-image-preview":"max-image-preview:large","max-video-preview":"max-video-preview:-1"},"canonical":"https:\/\/blablavins.es\/es\/vi-del-banya\/","og_locale":"es_ES","og_type":"article","og_title":"Pura Vida Negro - Distribu\u00efdor de vins a Palafolls - Barcelona- blablavins.es","og_description":"VARIEDADES 60% Garnacha Negra + 25% Ull de llebre (Tempr.) + 15% Syrah ZONA I VI\u00d1AS Vino elaborado en la DO Costers del Segre, sobre suelos calizos, de poca profundidad y textura arcillo-limosa. Zona de clima continental, inviernos fr\u00edos y veranos calurosos. Pluviosidad baja, alrededor de 350 mm al a\u00f1o. ELABORACI\u00d3N Uvas refrigeradas a 4\u202f\u00b0C [&hellip;]","og_url":"https:\/\/blablavins.es\/es\/vi-del-banya\/","og_site_name":"Distribu\u00efdor de vins a Palafolls - Barcelona- blablavins.es","article_published_time":"2025-04-02T06:20:14+00:00","article_modified_time":"2026-08-31T14:28:24+00:00","og_image":[{"width":197,"height":612,"url":"https:\/\/blablavins.es\/wp-content\/uploads\/2025\/04\/undergraun_Pura_Vida_Tinto_CAT_2023_page-0001-removebg-preview.png","type":"image\/png"}],"author":"esolvo","twitter_card":"summary_large_image","twitter_misc":{"Escrito por":"esolvo","Tiempo de lectura":"2 minutos"},"schema":{"@context":"https:\/\/schema.org","@graph":[{"@type":"Article","@id":"https:\/\/blablavins.es\/es\/vi-del-banya\/#article","isPartOf":{"@id":"https:\/\/blablavins.es\/es\/vi-del-banya\/"},"author":{"name":"esolvo","@id":"https:\/\/blablavins.es\/es\/#\/schema\/person\/d16bdb0917b0f0d4f3953e5d35e92a9a"},"headline":"Pura Vida Negro","datePublished":"2025-04-02T06:20:14+00:00","dateModified":"2026-08-31T14:28:24+00:00","mainEntityOfPage":{"@id":"https:\/\/blablavins.es\/es\/vi-del-banya\/"},"wordCount":362,"image":{"@id":"https:\/\/blablavins.es\/es\/vi-del-banya\/#primaryimage"},"thumbnailUrl":"https:\/\/blablavins.es\/wp-content\/uploads\/2025\/04\/undergraun_Pura_Vida_Tinto_CAT_2023_page-0001-removebg-preview.png","articleSection":["Vinos"],"inLanguage":"es"},{"@type":"WebPage","@id":"https:\/\/blablavins.es\/es\/vi-del-banya\/","url":"https:\/\/blablavins.es\/es\/vi-del-banya\/","name":"Pura Vida Negro - Distribu\u00efdor de vins a Palafolls - Barcelona- blablavins.es","isPartOf":{"@id":"https:\/\/blablavins.es\/es\/#website"},"primaryImageOfPage":{"@id":"https:\/\/blablavins.es\/es\/vi-del-banya\/#primaryimage"},"image":{"@id":"https:\/\/blablavins.es\/es\/vi-del-banya\/#primaryimage"},"thumbnailUrl":"https:\/\/blablavins.es\/wp-content\/uploads\/2025\/04\/undergraun_Pura_Vida_Tinto_CAT_2023_page-0001-removebg-preview.png","datePublished":"2025-04-02T06:20:14+00:00","dateModified":"2026-08-31T14:28:24+00:00","author":{"@id":"https:\/\/blablavins.es\/es\/#\/schema\/person\/d16bdb0917b0f0d4f3953e5d35e92a9a"},"breadcrumb":{"@id":"https:\/\/blablavins.es\/es\/vi-del-banya\/#breadcrumb"},"inLanguage":"es","potentialAction":[{"@type":"ReadAction","target":["https:\/\/blablavins.es\/es\/vi-del-banya\/"]}]},{"@type":"ImageObject","inLanguage":"es","@id":"https:\/\/blablavins.es\/es\/vi-del-banya\/#primaryimage","url":"https:\/\/blablavins.es\/wp-content\/uploads\/2025\/04\/undergraun_Pura_Vida_Tinto_CAT_2023_page-0001-removebg-preview.png","contentUrl":"https:\/\/blablavins.es\/wp-content\/uploads\/2025\/04\/undergraun_Pura_Vida_Tinto_CAT_2023_page-0001-removebg-preview.png","width":197,"height":612},{"@type":"BreadcrumbList","@id":"https:\/\/blablavins.es\/es\/vi-del-banya\/#breadcrumb","itemListElement":[{"@type":"ListItem","position":1,"name":"Portada","item":"https:\/\/blablavins.es\/es\/"},{"@type":"ListItem","position":2,"name":"Pura Vida Negro"}]},{"@type":"WebSite","@id":"https:\/\/blablavins.es\/es\/#website","url":"https:\/\/blablavins.es\/es\/","name":"Distribu\u00efdor de vins a Palafolls - Barcelona- blablavins.es","description":"Productos selectos con un servicio \u00fanico","potentialAction":[{"@type":"SearchAction","target":{"@type":"EntryPoint","urlTemplate":"https:\/\/blablavins.es\/es\/?s={search_term_string}"},"query-input":{"@type":"PropertyValueSpecification","valueRequired":true,"valueName":"search_term_string"}}],"inLanguage":"es"},{"@type":"Person","@id":"https:\/\/blablavins.es\/es\/#\/schema\/person\/d16bdb0917b0f0d4f3953e5d35e92a9a","name":"esolvo","image":{"@type":"ImageObject","inLanguage":"es","@id":"https:\/\/secure.gravatar.com\/avatar\/c85b49c4b2122249d9de29134a9d97031cfe65af0902c8adf1041ee698f42831?s=96&d=mm&r=g","url":"https:\/\/secure.gravatar.com\/avatar\/c85b49c4b2122249d9de29134a9d97031cfe65af0902c8adf1041ee698f42831?s=96&d=mm&r=g","contentUrl":"https:\/\/secure.gravatar.com\/avatar\/c85b49c4b2122249d9de29134a9d97031cfe65af0902c8adf1041ee698f42831?s=96&d=mm&r=g","caption":"esolvo"},"url":"https:\/\/blablavins.es\/es\/author\/esolvo\/"}]}},"_links":{"self":[{"href":"https:\/\/blablavins.es\/es\/wp-json\/wp\/v2\/posts\/2173","targetHints":{"allow":["GET"]}}],"collection":[{"href":"https:\/\/blablavins.es\/es\/wp-json\/wp\/v2\/posts"}],"about":[{"href":"https:\/\/blablavins.es\/es\/wp-json\/wp\/v2\/types\/post"}],"author":[{"embeddable":true,"href":"https:\/\/blablavins.es\/es\/wp-json\/wp\/v2\/users\/2"}],"replies":[{"embeddable":true,"href":"https:\/\/blablavins.es\/es\/wp-json\/wp\/v2\/comments?post=2173"}],"version-history":[{"count":3,"href":"https:\/\/blablavins.es\/es\/wp-json\/wp\/v2\/posts\/2173\/revisions"}],"predecessor-version":[{"id":3108,"href":"https:\/\/blablavins.es\/es\/wp-json\/wp\/v2\/posts\/2173\/revisions\/3108"}],"wp:featuredmedia":[{"embeddable":true,"href":"https:\/\/blablavins.es\/es\/wp-json\/wp\/v2\/media\/3066"}],"wp:attachment":[{"href":"https:\/\/blablavins.es\/es\/wp-json\/wp\/v2\/media?parent=2173"}],"wp:term":[{"taxonomy":"category","embeddable":true,"href":"https:\/\/blablavins.es\/es\/wp-json\/wp\/v2\/categories?post=2173"},{"taxonomy":"post_tag","embeddable":true,"href":"https:\/\/blablavins.es\/es\/wp-json\/wp\/v2\/tags?post=2173"},{"taxonomy":"categoria-vins","embeddable":true,"href":"https:\/\/blablavins.es\/es\/wp-json\/wp\/v2\/categoria-vins?post=2173"}],"curies":[{"name":"wp","href":"https:\/\/api.w.org\/{rel}","templated":true}]}}