{"id":2211,"date":"2025-04-01T08:15:22","date_gmt":"2025-04-01T06:15:22","guid":{"rendered":"https:\/\/blablavins.es\/vicool-negro-2021\/"},"modified":"2025-04-28T16:40:03","modified_gmt":"2025-04-28T14:40:03","slug":"vicool-negro-2021","status":"publish","type":"post","link":"https:\/\/blablavins.es\/es\/vicool-negro-2021\/","title":{"rendered":"ViCool Negro 2021"},"content":{"rendered":"\n<h4 class=\"wp-block-heading\">PORTA DE L&#8217;ALBERA<\/h4>\n\n<p><strong>DENOMINACI\u00d3N DE ORIGEN<\/strong><\/p>\n\n<p>Empord\u00e0.<\/p>\n\n<p><strong>BLEND<\/strong><\/p>\n\n<p>45% Garnacha, 37% Syrah y 18% Merlot. Se producen 7.000 botellas por a\u00f1ada. <\/p>\n\n<p><strong>VITICULTURA<\/strong><\/p>\n\n<p>Uvas procedentes de varias fincas situadas a altitudes entre 150 y 200 m en Rab\u00f3s y Vilamaniscle. Sistema de conducci\u00f3n en doble cord\u00f3n royat con certificaci\u00f3n CCPAE. Vi\u00f1edos de 30 a\u00f1os. Producci\u00f3n alrededor de 2.500 kg\/ha.   <\/p>\n\n<p><strong>RECOLECCI\u00d3N<\/strong><\/p>\n\n<p>Vendimia manual con cajas de 20 kg y selecci\u00f3n en el vi\u00f1edo en el momento \u00f3ptimo de maduraci\u00f3n fen\u00f3lica de cada variedad.<\/p>\n\n<p><strong>ELABORACI\u00d3N<\/strong><\/p>\n\n<p>Elaboraci\u00f3n de cada variedad en dep\u00f3sitos de acero inoxidable de 1.500 a 2.000 litros. Selecci\u00f3n de levaduras y temperatura de fermentaci\u00f3n controlada para cada variedad, que se elabora por separado. Combinaci\u00f3n de pigeage y remontados.  <\/p>\n\n<p><strong>CRIANZA<\/strong><\/p>\n\n<p>6 meses en roble franc\u00e9s y americano. M\u00ednimos procesos de clarificaci\u00f3n, estabilizaci\u00f3n y filtrado. Reposo en botella de 3 a 6 meses.  <\/p>\n\n<p><strong>NOTAS DE CATA<\/strong><\/p>\n\n<p>Color cereza picota viol\u00e1ceo e intenso. En nariz, muy afrutado y con marcados recuerdos de confituras, regaliz, rosa, grosella, ciruelas y frambuesas. En boca es amplio, goloso, fresco y elegante.  <\/p>\n","protected":false},"excerpt":{"rendered":"<p>PORTA DE L&#8217;ALBERA DENOMINACI\u00d3N DE ORIGEN Empord\u00e0. BLEND 45% Garnacha, 37% Syrah y 18% Merlot. Se producen 7.000 botellas por a\u00f1ada. VITICULTURA Uvas procedentes de varias fincas situadas a altitudes entre 150 y 200 m en Rab\u00f3s y Vilamaniscle. Sistema de conducci\u00f3n en doble cord\u00f3n royat con certificaci\u00f3n CCPAE. Vi\u00f1edos de 30 a\u00f1os. Producci\u00f3n alrededor [&hellip;]<\/p>\n","protected":false},"author":2,"featured_media":1514,"comment_status":"closed","ping_status":"closed","sticky":false,"template":"","format":"standard","meta":{"_joinchat":[],"footnotes":""},"categories":[85],"tags":[],"categoria-vins":[94],"class_list":["post-2211","post","type-post","status-publish","format-standard","has-post-thumbnail","hentry","category-vinos","categoria-vins-bodega-porta-albera-do-emporda-es"],"yoast_head":"<!-- This site is optimized with the Yoast SEO plugin v27.6 - https:\/\/yoast.com\/product\/yoast-seo-wordpress\/ -->\n<title>ViCool Negro 2021 - Distribu\u00efdor de vins a Palafolls - Barcelona- blablavins.es<\/title>\n<meta name=\"robots\" content=\"index, follow, max-snippet:-1, max-image-preview:large, max-video-preview:-1\" \/>\n<link rel=\"canonical\" href=\"https:\/\/blablavins.es\/es\/vicool-negro-2021\/\" \/>\n<meta property=\"og:locale\" content=\"es_ES\" \/>\n<meta property=\"og:type\" content=\"article\" \/>\n<meta property=\"og:title\" content=\"ViCool Negro 2021 - Distribu\u00efdor de vins a Palafolls - Barcelona- blablavins.es\" \/>\n<meta property=\"og:description\" content=\"PORTA DE L&#8217;ALBERA DENOMINACI\u00d3N DE ORIGEN Empord\u00e0. BLEND 45% Garnacha, 37% Syrah y 18% Merlot. Se producen 7.000 botellas por a\u00f1ada. VITICULTURA Uvas procedentes de varias fincas situadas a altitudes entre 150 y 200 m en Rab\u00f3s y Vilamaniscle. Sistema de conducci\u00f3n en doble cord\u00f3n royat con certificaci\u00f3n CCPAE. Vi\u00f1edos de 30 a\u00f1os. Producci\u00f3n alrededor [&hellip;]\" \/>\n<meta property=\"og:url\" content=\"https:\/\/blablavins.es\/es\/vicool-negro-2021\/\" \/>\n<meta property=\"og:site_name\" content=\"Distribu\u00efdor de vins a Palafolls - Barcelona- blablavins.es\" \/>\n<meta property=\"article:published_time\" content=\"2025-04-01T06:15:22+00:00\" \/>\n<meta property=\"article:modified_time\" content=\"2025-04-28T14:40:03+00:00\" \/>\n<meta property=\"og:image\" content=\"https:\/\/blablavins.es\/wp-content\/uploads\/2025\/03\/AV-Bodeguers-ViCool-Negre.png\" \/>\n\t<meta property=\"og:image:width\" content=\"1067\" \/>\n\t<meta property=\"og:image:height\" content=\"1599\" \/>\n\t<meta property=\"og:image:type\" content=\"image\/png\" \/>\n<meta name=\"author\" content=\"esolvo\" \/>\n<meta name=\"twitter:card\" content=\"summary_large_image\" \/>\n<meta name=\"twitter:label1\" content=\"Escrito por\" \/>\n\t<meta name=\"twitter:data1\" content=\"esolvo\" \/>\n\t<meta name=\"twitter:label2\" content=\"Tiempo de lectura\" \/>\n\t<meta name=\"twitter:data2\" content=\"1 minuto\" \/>\n<script type=\"application\/ld+json\" class=\"yoast-schema-graph\">{\"@context\":\"https:\\\/\\\/schema.org\",\"@graph\":[{\"@type\":\"Article\",\"@id\":\"https:\\\/\\\/blablavins.es\\\/es\\\/vicool-negro-2021\\\/#article\",\"isPartOf\":{\"@id\":\"https:\\\/\\\/blablavins.es\\\/es\\\/vicool-negro-2021\\\/\"},\"author\":{\"name\":\"esolvo\",\"@id\":\"https:\\\/\\\/blablavins.es\\\/es\\\/#\\\/schema\\\/person\\\/d16bdb0917b0f0d4f3953e5d35e92a9a\"},\"headline\":\"ViCool Negro 2021\",\"datePublished\":\"2025-04-01T06:15:22+00:00\",\"dateModified\":\"2025-04-28T14:40:03+00:00\",\"mainEntityOfPage\":{\"@id\":\"https:\\\/\\\/blablavins.es\\\/es\\\/vicool-negro-2021\\\/\"},\"wordCount\":188,\"image\":{\"@id\":\"https:\\\/\\\/blablavins.es\\\/es\\\/vicool-negro-2021\\\/#primaryimage\"},\"thumbnailUrl\":\"https:\\\/\\\/blablavins.es\\\/wp-content\\\/uploads\\\/2025\\\/03\\\/AV-Bodeguers-ViCool-Negre.png\",\"articleSection\":[\"Vinos\"],\"inLanguage\":\"es\"},{\"@type\":\"WebPage\",\"@id\":\"https:\\\/\\\/blablavins.es\\\/es\\\/vicool-negro-2021\\\/\",\"url\":\"https:\\\/\\\/blablavins.es\\\/es\\\/vicool-negro-2021\\\/\",\"name\":\"ViCool Negro 2021 - Distribu\u00efdor de vins a Palafolls - Barcelona- blablavins.es\",\"isPartOf\":{\"@id\":\"https:\\\/\\\/blablavins.es\\\/es\\\/#website\"},\"primaryImageOfPage\":{\"@id\":\"https:\\\/\\\/blablavins.es\\\/es\\\/vicool-negro-2021\\\/#primaryimage\"},\"image\":{\"@id\":\"https:\\\/\\\/blablavins.es\\\/es\\\/vicool-negro-2021\\\/#primaryimage\"},\"thumbnailUrl\":\"https:\\\/\\\/blablavins.es\\\/wp-content\\\/uploads\\\/2025\\\/03\\\/AV-Bodeguers-ViCool-Negre.png\",\"datePublished\":\"2025-04-01T06:15:22+00:00\",\"dateModified\":\"2025-04-28T14:40:03+00:00\",\"author\":{\"@id\":\"https:\\\/\\\/blablavins.es\\\/es\\\/#\\\/schema\\\/person\\\/d16bdb0917b0f0d4f3953e5d35e92a9a\"},\"breadcrumb\":{\"@id\":\"https:\\\/\\\/blablavins.es\\\/es\\\/vicool-negro-2021\\\/#breadcrumb\"},\"inLanguage\":\"es\",\"potentialAction\":[{\"@type\":\"ReadAction\",\"target\":[\"https:\\\/\\\/blablavins.es\\\/es\\\/vicool-negro-2021\\\/\"]}]},{\"@type\":\"ImageObject\",\"inLanguage\":\"es\",\"@id\":\"https:\\\/\\\/blablavins.es\\\/es\\\/vicool-negro-2021\\\/#primaryimage\",\"url\":\"https:\\\/\\\/blablavins.es\\\/wp-content\\\/uploads\\\/2025\\\/03\\\/AV-Bodeguers-ViCool-Negre.png\",\"contentUrl\":\"https:\\\/\\\/blablavins.es\\\/wp-content\\\/uploads\\\/2025\\\/03\\\/AV-Bodeguers-ViCool-Negre.png\",\"width\":1067,\"height\":1599},{\"@type\":\"BreadcrumbList\",\"@id\":\"https:\\\/\\\/blablavins.es\\\/es\\\/vicool-negro-2021\\\/#breadcrumb\",\"itemListElement\":[{\"@type\":\"ListItem\",\"position\":1,\"name\":\"Portada\",\"item\":\"https:\\\/\\\/blablavins.es\\\/es\\\/\"},{\"@type\":\"ListItem\",\"position\":2,\"name\":\"ViCool Negro 2021\"}]},{\"@type\":\"WebSite\",\"@id\":\"https:\\\/\\\/blablavins.es\\\/es\\\/#website\",\"url\":\"https:\\\/\\\/blablavins.es\\\/es\\\/\",\"name\":\"Distribu\u00efdor de vins a Palafolls - Barcelona- blablavins.es\",\"description\":\"Productos selectos con un servicio \u00fanico\",\"potentialAction\":[{\"@type\":\"SearchAction\",\"target\":{\"@type\":\"EntryPoint\",\"urlTemplate\":\"https:\\\/\\\/blablavins.es\\\/es\\\/?s={search_term_string}\"},\"query-input\":{\"@type\":\"PropertyValueSpecification\",\"valueRequired\":true,\"valueName\":\"search_term_string\"}}],\"inLanguage\":\"es\"},{\"@type\":\"Person\",\"@id\":\"https:\\\/\\\/blablavins.es\\\/es\\\/#\\\/schema\\\/person\\\/d16bdb0917b0f0d4f3953e5d35e92a9a\",\"name\":\"esolvo\",\"image\":{\"@type\":\"ImageObject\",\"inLanguage\":\"es\",\"@id\":\"https:\\\/\\\/secure.gravatar.com\\\/avatar\\\/c85b49c4b2122249d9de29134a9d97031cfe65af0902c8adf1041ee698f42831?s=96&d=mm&r=g\",\"url\":\"https:\\\/\\\/secure.gravatar.com\\\/avatar\\\/c85b49c4b2122249d9de29134a9d97031cfe65af0902c8adf1041ee698f42831?s=96&d=mm&r=g\",\"contentUrl\":\"https:\\\/\\\/secure.gravatar.com\\\/avatar\\\/c85b49c4b2122249d9de29134a9d97031cfe65af0902c8adf1041ee698f42831?s=96&d=mm&r=g\",\"caption\":\"esolvo\"},\"url\":\"https:\\\/\\\/blablavins.es\\\/es\\\/author\\\/esolvo\\\/\"}]}<\/script>\n<!-- \/ Yoast SEO plugin. -->","yoast_head_json":{"title":"ViCool Negro 2021 - Distribu\u00efdor de vins a Palafolls - Barcelona- blablavins.es","robots":{"index":"index","follow":"follow","max-snippet":"max-snippet:-1","max-image-preview":"max-image-preview:large","max-video-preview":"max-video-preview:-1"},"canonical":"https:\/\/blablavins.es\/es\/vicool-negro-2021\/","og_locale":"es_ES","og_type":"article","og_title":"ViCool Negro 2021 - Distribu\u00efdor de vins a Palafolls - Barcelona- blablavins.es","og_description":"PORTA DE L&#8217;ALBERA DENOMINACI\u00d3N DE ORIGEN Empord\u00e0. BLEND 45% Garnacha, 37% Syrah y 18% Merlot. Se producen 7.000 botellas por a\u00f1ada. VITICULTURA Uvas procedentes de varias fincas situadas a altitudes entre 150 y 200 m en Rab\u00f3s y Vilamaniscle. Sistema de conducci\u00f3n en doble cord\u00f3n royat con certificaci\u00f3n CCPAE. Vi\u00f1edos de 30 a\u00f1os. Producci\u00f3n alrededor [&hellip;]","og_url":"https:\/\/blablavins.es\/es\/vicool-negro-2021\/","og_site_name":"Distribu\u00efdor de vins a Palafolls - Barcelona- blablavins.es","article_published_time":"2025-04-01T06:15:22+00:00","article_modified_time":"2025-04-28T14:40:03+00:00","og_image":[{"width":1067,"height":1599,"url":"https:\/\/blablavins.es\/wp-content\/uploads\/2025\/03\/AV-Bodeguers-ViCool-Negre.png","type":"image\/png"}],"author":"esolvo","twitter_card":"summary_large_image","twitter_misc":{"Escrito por":"esolvo","Tiempo de lectura":"1 minuto"},"schema":{"@context":"https:\/\/schema.org","@graph":[{"@type":"Article","@id":"https:\/\/blablavins.es\/es\/vicool-negro-2021\/#article","isPartOf":{"@id":"https:\/\/blablavins.es\/es\/vicool-negro-2021\/"},"author":{"name":"esolvo","@id":"https:\/\/blablavins.es\/es\/#\/schema\/person\/d16bdb0917b0f0d4f3953e5d35e92a9a"},"headline":"ViCool Negro 2021","datePublished":"2025-04-01T06:15:22+00:00","dateModified":"2025-04-28T14:40:03+00:00","mainEntityOfPage":{"@id":"https:\/\/blablavins.es\/es\/vicool-negro-2021\/"},"wordCount":188,"image":{"@id":"https:\/\/blablavins.es\/es\/vicool-negro-2021\/#primaryimage"},"thumbnailUrl":"https:\/\/blablavins.es\/wp-content\/uploads\/2025\/03\/AV-Bodeguers-ViCool-Negre.png","articleSection":["Vinos"],"inLanguage":"es"},{"@type":"WebPage","@id":"https:\/\/blablavins.es\/es\/vicool-negro-2021\/","url":"https:\/\/blablavins.es\/es\/vicool-negro-2021\/","name":"ViCool Negro 2021 - Distribu\u00efdor de vins a Palafolls - Barcelona- blablavins.es","isPartOf":{"@id":"https:\/\/blablavins.es\/es\/#website"},"primaryImageOfPage":{"@id":"https:\/\/blablavins.es\/es\/vicool-negro-2021\/#primaryimage"},"image":{"@id":"https:\/\/blablavins.es\/es\/vicool-negro-2021\/#primaryimage"},"thumbnailUrl":"https:\/\/blablavins.es\/wp-content\/uploads\/2025\/03\/AV-Bodeguers-ViCool-Negre.png","datePublished":"2025-04-01T06:15:22+00:00","dateModified":"2025-04-28T14:40:03+00:00","author":{"@id":"https:\/\/blablavins.es\/es\/#\/schema\/person\/d16bdb0917b0f0d4f3953e5d35e92a9a"},"breadcrumb":{"@id":"https:\/\/blablavins.es\/es\/vicool-negro-2021\/#breadcrumb"},"inLanguage":"es","potentialAction":[{"@type":"ReadAction","target":["https:\/\/blablavins.es\/es\/vicool-negro-2021\/"]}]},{"@type":"ImageObject","inLanguage":"es","@id":"https:\/\/blablavins.es\/es\/vicool-negro-2021\/#primaryimage","url":"https:\/\/blablavins.es\/wp-content\/uploads\/2025\/03\/AV-Bodeguers-ViCool-Negre.png","contentUrl":"https:\/\/blablavins.es\/wp-content\/uploads\/2025\/03\/AV-Bodeguers-ViCool-Negre.png","width":1067,"height":1599},{"@type":"BreadcrumbList","@id":"https:\/\/blablavins.es\/es\/vicool-negro-2021\/#breadcrumb","itemListElement":[{"@type":"ListItem","position":1,"name":"Portada","item":"https:\/\/blablavins.es\/es\/"},{"@type":"ListItem","position":2,"name":"ViCool Negro 2021"}]},{"@type":"WebSite","@id":"https:\/\/blablavins.es\/es\/#website","url":"https:\/\/blablavins.es\/es\/","name":"Distribu\u00efdor de vins a Palafolls - Barcelona- blablavins.es","description":"Productos selectos con un servicio \u00fanico","potentialAction":[{"@type":"SearchAction","target":{"@type":"EntryPoint","urlTemplate":"https:\/\/blablavins.es\/es\/?s={search_term_string}"},"query-input":{"@type":"PropertyValueSpecification","valueRequired":true,"valueName":"search_term_string"}}],"inLanguage":"es"},{"@type":"Person","@id":"https:\/\/blablavins.es\/es\/#\/schema\/person\/d16bdb0917b0f0d4f3953e5d35e92a9a","name":"esolvo","image":{"@type":"ImageObject","inLanguage":"es","@id":"https:\/\/secure.gravatar.com\/avatar\/c85b49c4b2122249d9de29134a9d97031cfe65af0902c8adf1041ee698f42831?s=96&d=mm&r=g","url":"https:\/\/secure.gravatar.com\/avatar\/c85b49c4b2122249d9de29134a9d97031cfe65af0902c8adf1041ee698f42831?s=96&d=mm&r=g","contentUrl":"https:\/\/secure.gravatar.com\/avatar\/c85b49c4b2122249d9de29134a9d97031cfe65af0902c8adf1041ee698f42831?s=96&d=mm&r=g","caption":"esolvo"},"url":"https:\/\/blablavins.es\/es\/author\/esolvo\/"}]}},"_links":{"self":[{"href":"https:\/\/blablavins.es\/es\/wp-json\/wp\/v2\/posts\/2211","targetHints":{"allow":["GET"]}}],"collection":[{"href":"https:\/\/blablavins.es\/es\/wp-json\/wp\/v2\/posts"}],"about":[{"href":"https:\/\/blablavins.es\/es\/wp-json\/wp\/v2\/types\/post"}],"author":[{"embeddable":true,"href":"https:\/\/blablavins.es\/es\/wp-json\/wp\/v2\/users\/2"}],"replies":[{"embeddable":true,"href":"https:\/\/blablavins.es\/es\/wp-json\/wp\/v2\/comments?post=2211"}],"version-history":[{"count":1,"href":"https:\/\/blablavins.es\/es\/wp-json\/wp\/v2\/posts\/2211\/revisions"}],"predecessor-version":[{"id":2212,"href":"https:\/\/blablavins.es\/es\/wp-json\/wp\/v2\/posts\/2211\/revisions\/2212"}],"wp:featuredmedia":[{"embeddable":true,"href":"https:\/\/blablavins.es\/es\/wp-json\/wp\/v2\/media\/1514"}],"wp:attachment":[{"href":"https:\/\/blablavins.es\/es\/wp-json\/wp\/v2\/media?parent=2211"}],"wp:term":[{"taxonomy":"category","embeddable":true,"href":"https:\/\/blablavins.es\/es\/wp-json\/wp\/v2\/categories?post=2211"},{"taxonomy":"post_tag","embeddable":true,"href":"https:\/\/blablavins.es\/es\/wp-json\/wp\/v2\/tags?post=2211"},{"taxonomy":"categoria-vins","embeddable":true,"href":"https:\/\/blablavins.es\/es\/wp-json\/wp\/v2\/categoria-vins?post=2211"}],"curies":[{"name":"wp","href":"https:\/\/api.w.org\/{rel}","templated":true}]}}