{"id":2241,"date":"2025-03-31T08:00:39","date_gmt":"2025-03-31T06:00:39","guid":{"rendered":"https:\/\/blablavins.es\/prades-950\/"},"modified":"2025-04-28T16:38:00","modified_gmt":"2025-04-28T14:38:00","slug":"prades-950","status":"publish","type":"post","link":"https:\/\/blablavins.es\/es\/prades-950\/","title":{"rendered":"Prades 950"},"content":{"rendered":"\n<h4 class=\"wp-block-heading\">TOT\u00d3 MARQU\u00c9S<\/h4>\n\n<p><strong>DENOMINACI\u00d3N DE ORIGEN<\/strong><\/p>\n\n<p>Prioritat.<\/p>\n\n<p><strong>CRIANZA<\/strong><\/p>\n\n<p>12 meses en barrica de roble franc\u00e9s.<\/p>\n\n<p><strong>TIPOS DE BOTELLA<\/strong><\/p>\n\n<p>Bordelesa 75 cl.<\/p>\n\n<p><strong>VARIEDAD DE LAS UVAS<\/strong><\/p>\n\n<p>Garnacha, Syrah, Pinot Noir, Merlot.<\/p>\n\n<p><strong>ELABORACI\u00d3N<\/strong><\/p>\n\n<p>La uva macera y fermenta en peque\u00f1os dep\u00f3sitos de acero inoxidable, separando las variedades y fincas desde el principio. Despu\u00e9s de la fermentaci\u00f3n malol\u00e1ctica, se llenan las barricas de roble franc\u00e9s durante 12 meses.<\/p>\n\n<p><strong>NOTAS DE CATA<\/strong><\/p>\n\n<p>El vino viste un bonito color cereza. En nariz, se presentan notas minerales con peque\u00f1os matices de naranja caramelizada y cereza. Con un toque ahumado y muy expresivo, los sabores est\u00e1n acompa\u00f1ados de un buen paso de boca, ideal para acompa\u00f1ar todo tipo de carnes y arroces.<\/p>\n","protected":false},"excerpt":{"rendered":"<p>TOT\u00d3 MARQU\u00c9S DENOMINACI\u00d3N DE ORIGEN Prioritat. CRIANZA 12 meses en barrica de roble franc\u00e9s. TIPOS DE BOTELLA Bordelesa 75 cl. VARIEDAD DE LAS UVAS Garnacha, Syrah, Pinot Noir, Merlot. ELABORACI\u00d3N La uva macera y fermenta en peque\u00f1os dep\u00f3sitos de acero inoxidable, separando las variedades y fincas desde el principio. Despu\u00e9s de la fermentaci\u00f3n malol\u00e1ctica, se [&hellip;]<\/p>\n","protected":false},"author":2,"featured_media":1510,"comment_status":"closed","ping_status":"closed","sticky":false,"template":"","format":"standard","meta":{"_joinchat":[],"footnotes":""},"categories":[85],"tags":[],"categoria-vins":[95],"class_list":["post-2241","post","type-post","status-publish","format-standard","has-post-thumbnail","hentry","category-vinos","categoria-vins-bodegas-toto-marques-es"],"yoast_head":"<!-- This site is optimized with the Yoast SEO plugin v27.6 - https:\/\/yoast.com\/product\/yoast-seo-wordpress\/ -->\n<title>Prades 950 - Distribu\u00efdor de vins a Palafolls - Barcelona- blablavins.es<\/title>\n<meta name=\"robots\" content=\"index, follow, max-snippet:-1, max-image-preview:large, max-video-preview:-1\" \/>\n<link rel=\"canonical\" href=\"https:\/\/blablavins.es\/es\/prades-950\/\" \/>\n<meta property=\"og:locale\" content=\"es_ES\" \/>\n<meta property=\"og:type\" content=\"article\" \/>\n<meta property=\"og:title\" content=\"Prades 950 - Distribu\u00efdor de vins a Palafolls - Barcelona- blablavins.es\" \/>\n<meta property=\"og:description\" content=\"TOT\u00d3 MARQU\u00c9S DENOMINACI\u00d3N DE ORIGEN Prioritat. CRIANZA 12 meses en barrica de roble franc\u00e9s. TIPOS DE BOTELLA Bordelesa 75 cl. VARIEDAD DE LAS UVAS Garnacha, Syrah, Pinot Noir, Merlot. ELABORACI\u00d3N La uva macera y fermenta en peque\u00f1os dep\u00f3sitos de acero inoxidable, separando las variedades y fincas desde el principio. Despu\u00e9s de la fermentaci\u00f3n malol\u00e1ctica, se [&hellip;]\" \/>\n<meta property=\"og:url\" content=\"https:\/\/blablavins.es\/es\/prades-950\/\" \/>\n<meta property=\"og:site_name\" content=\"Distribu\u00efdor de vins a Palafolls - Barcelona- blablavins.es\" \/>\n<meta property=\"article:published_time\" content=\"2025-03-31T06:00:39+00:00\" \/>\n<meta property=\"article:modified_time\" content=\"2025-04-28T14:38:00+00:00\" \/>\n<meta property=\"og:image\" content=\"https:\/\/blablavins.es\/wp-content\/uploads\/2025\/03\/Prades-950.png\" \/>\n\t<meta property=\"og:image:width\" content=\"1067\" \/>\n\t<meta property=\"og:image:height\" content=\"1599\" \/>\n\t<meta property=\"og:image:type\" content=\"image\/png\" \/>\n<meta name=\"author\" content=\"esolvo\" \/>\n<meta name=\"twitter:card\" content=\"summary_large_image\" \/>\n<meta name=\"twitter:label1\" content=\"Escrito por\" \/>\n\t<meta name=\"twitter:data1\" content=\"esolvo\" \/>\n\t<meta name=\"twitter:label2\" content=\"Tiempo de lectura\" \/>\n\t<meta name=\"twitter:data2\" content=\"1 minuto\" \/>\n<script type=\"application\/ld+json\" class=\"yoast-schema-graph\">{\"@context\":\"https:\\\/\\\/schema.org\",\"@graph\":[{\"@type\":\"Article\",\"@id\":\"https:\\\/\\\/blablavins.es\\\/es\\\/prades-950\\\/#article\",\"isPartOf\":{\"@id\":\"https:\\\/\\\/blablavins.es\\\/es\\\/prades-950\\\/\"},\"author\":{\"name\":\"esolvo\",\"@id\":\"https:\\\/\\\/blablavins.es\\\/es\\\/#\\\/schema\\\/person\\\/d16bdb0917b0f0d4f3953e5d35e92a9a\"},\"headline\":\"Prades 950\",\"datePublished\":\"2025-03-31T06:00:39+00:00\",\"dateModified\":\"2025-04-28T14:38:00+00:00\",\"mainEntityOfPage\":{\"@id\":\"https:\\\/\\\/blablavins.es\\\/es\\\/prades-950\\\/\"},\"wordCount\":126,\"image\":{\"@id\":\"https:\\\/\\\/blablavins.es\\\/es\\\/prades-950\\\/#primaryimage\"},\"thumbnailUrl\":\"https:\\\/\\\/blablavins.es\\\/wp-content\\\/uploads\\\/2025\\\/03\\\/Prades-950.png\",\"articleSection\":[\"Vinos\"],\"inLanguage\":\"es\"},{\"@type\":\"WebPage\",\"@id\":\"https:\\\/\\\/blablavins.es\\\/es\\\/prades-950\\\/\",\"url\":\"https:\\\/\\\/blablavins.es\\\/es\\\/prades-950\\\/\",\"name\":\"Prades 950 - Distribu\u00efdor de vins a Palafolls - Barcelona- blablavins.es\",\"isPartOf\":{\"@id\":\"https:\\\/\\\/blablavins.es\\\/es\\\/#website\"},\"primaryImageOfPage\":{\"@id\":\"https:\\\/\\\/blablavins.es\\\/es\\\/prades-950\\\/#primaryimage\"},\"image\":{\"@id\":\"https:\\\/\\\/blablavins.es\\\/es\\\/prades-950\\\/#primaryimage\"},\"thumbnailUrl\":\"https:\\\/\\\/blablavins.es\\\/wp-content\\\/uploads\\\/2025\\\/03\\\/Prades-950.png\",\"datePublished\":\"2025-03-31T06:00:39+00:00\",\"dateModified\":\"2025-04-28T14:38:00+00:00\",\"author\":{\"@id\":\"https:\\\/\\\/blablavins.es\\\/es\\\/#\\\/schema\\\/person\\\/d16bdb0917b0f0d4f3953e5d35e92a9a\"},\"breadcrumb\":{\"@id\":\"https:\\\/\\\/blablavins.es\\\/es\\\/prades-950\\\/#breadcrumb\"},\"inLanguage\":\"es\",\"potentialAction\":[{\"@type\":\"ReadAction\",\"target\":[\"https:\\\/\\\/blablavins.es\\\/es\\\/prades-950\\\/\"]}]},{\"@type\":\"ImageObject\",\"inLanguage\":\"es\",\"@id\":\"https:\\\/\\\/blablavins.es\\\/es\\\/prades-950\\\/#primaryimage\",\"url\":\"https:\\\/\\\/blablavins.es\\\/wp-content\\\/uploads\\\/2025\\\/03\\\/Prades-950.png\",\"contentUrl\":\"https:\\\/\\\/blablavins.es\\\/wp-content\\\/uploads\\\/2025\\\/03\\\/Prades-950.png\",\"width\":1067,\"height\":1599},{\"@type\":\"BreadcrumbList\",\"@id\":\"https:\\\/\\\/blablavins.es\\\/es\\\/prades-950\\\/#breadcrumb\",\"itemListElement\":[{\"@type\":\"ListItem\",\"position\":1,\"name\":\"Portada\",\"item\":\"https:\\\/\\\/blablavins.es\\\/es\\\/\"},{\"@type\":\"ListItem\",\"position\":2,\"name\":\"Prades 950\"}]},{\"@type\":\"WebSite\",\"@id\":\"https:\\\/\\\/blablavins.es\\\/es\\\/#website\",\"url\":\"https:\\\/\\\/blablavins.es\\\/es\\\/\",\"name\":\"Distribu\u00efdor de vins a Palafolls - Barcelona- blablavins.es\",\"description\":\"Productos selectos con un servicio \u00fanico\",\"potentialAction\":[{\"@type\":\"SearchAction\",\"target\":{\"@type\":\"EntryPoint\",\"urlTemplate\":\"https:\\\/\\\/blablavins.es\\\/es\\\/?s={search_term_string}\"},\"query-input\":{\"@type\":\"PropertyValueSpecification\",\"valueRequired\":true,\"valueName\":\"search_term_string\"}}],\"inLanguage\":\"es\"},{\"@type\":\"Person\",\"@id\":\"https:\\\/\\\/blablavins.es\\\/es\\\/#\\\/schema\\\/person\\\/d16bdb0917b0f0d4f3953e5d35e92a9a\",\"name\":\"esolvo\",\"image\":{\"@type\":\"ImageObject\",\"inLanguage\":\"es\",\"@id\":\"https:\\\/\\\/secure.gravatar.com\\\/avatar\\\/c85b49c4b2122249d9de29134a9d97031cfe65af0902c8adf1041ee698f42831?s=96&d=mm&r=g\",\"url\":\"https:\\\/\\\/secure.gravatar.com\\\/avatar\\\/c85b49c4b2122249d9de29134a9d97031cfe65af0902c8adf1041ee698f42831?s=96&d=mm&r=g\",\"contentUrl\":\"https:\\\/\\\/secure.gravatar.com\\\/avatar\\\/c85b49c4b2122249d9de29134a9d97031cfe65af0902c8adf1041ee698f42831?s=96&d=mm&r=g\",\"caption\":\"esolvo\"},\"url\":\"https:\\\/\\\/blablavins.es\\\/es\\\/author\\\/esolvo\\\/\"}]}<\/script>\n<!-- \/ Yoast SEO plugin. -->","yoast_head_json":{"title":"Prades 950 - Distribu\u00efdor de vins a Palafolls - Barcelona- blablavins.es","robots":{"index":"index","follow":"follow","max-snippet":"max-snippet:-1","max-image-preview":"max-image-preview:large","max-video-preview":"max-video-preview:-1"},"canonical":"https:\/\/blablavins.es\/es\/prades-950\/","og_locale":"es_ES","og_type":"article","og_title":"Prades 950 - Distribu\u00efdor de vins a Palafolls - Barcelona- blablavins.es","og_description":"TOT\u00d3 MARQU\u00c9S DENOMINACI\u00d3N DE ORIGEN Prioritat. CRIANZA 12 meses en barrica de roble franc\u00e9s. TIPOS DE BOTELLA Bordelesa 75 cl. VARIEDAD DE LAS UVAS Garnacha, Syrah, Pinot Noir, Merlot. ELABORACI\u00d3N La uva macera y fermenta en peque\u00f1os dep\u00f3sitos de acero inoxidable, separando las variedades y fincas desde el principio. Despu\u00e9s de la fermentaci\u00f3n malol\u00e1ctica, se [&hellip;]","og_url":"https:\/\/blablavins.es\/es\/prades-950\/","og_site_name":"Distribu\u00efdor de vins a Palafolls - Barcelona- blablavins.es","article_published_time":"2025-03-31T06:00:39+00:00","article_modified_time":"2025-04-28T14:38:00+00:00","og_image":[{"width":1067,"height":1599,"url":"https:\/\/blablavins.es\/wp-content\/uploads\/2025\/03\/Prades-950.png","type":"image\/png"}],"author":"esolvo","twitter_card":"summary_large_image","twitter_misc":{"Escrito por":"esolvo","Tiempo de lectura":"1 minuto"},"schema":{"@context":"https:\/\/schema.org","@graph":[{"@type":"Article","@id":"https:\/\/blablavins.es\/es\/prades-950\/#article","isPartOf":{"@id":"https:\/\/blablavins.es\/es\/prades-950\/"},"author":{"name":"esolvo","@id":"https:\/\/blablavins.es\/es\/#\/schema\/person\/d16bdb0917b0f0d4f3953e5d35e92a9a"},"headline":"Prades 950","datePublished":"2025-03-31T06:00:39+00:00","dateModified":"2025-04-28T14:38:00+00:00","mainEntityOfPage":{"@id":"https:\/\/blablavins.es\/es\/prades-950\/"},"wordCount":126,"image":{"@id":"https:\/\/blablavins.es\/es\/prades-950\/#primaryimage"},"thumbnailUrl":"https:\/\/blablavins.es\/wp-content\/uploads\/2025\/03\/Prades-950.png","articleSection":["Vinos"],"inLanguage":"es"},{"@type":"WebPage","@id":"https:\/\/blablavins.es\/es\/prades-950\/","url":"https:\/\/blablavins.es\/es\/prades-950\/","name":"Prades 950 - Distribu\u00efdor de vins a Palafolls - Barcelona- blablavins.es","isPartOf":{"@id":"https:\/\/blablavins.es\/es\/#website"},"primaryImageOfPage":{"@id":"https:\/\/blablavins.es\/es\/prades-950\/#primaryimage"},"image":{"@id":"https:\/\/blablavins.es\/es\/prades-950\/#primaryimage"},"thumbnailUrl":"https:\/\/blablavins.es\/wp-content\/uploads\/2025\/03\/Prades-950.png","datePublished":"2025-03-31T06:00:39+00:00","dateModified":"2025-04-28T14:38:00+00:00","author":{"@id":"https:\/\/blablavins.es\/es\/#\/schema\/person\/d16bdb0917b0f0d4f3953e5d35e92a9a"},"breadcrumb":{"@id":"https:\/\/blablavins.es\/es\/prades-950\/#breadcrumb"},"inLanguage":"es","potentialAction":[{"@type":"ReadAction","target":["https:\/\/blablavins.es\/es\/prades-950\/"]}]},{"@type":"ImageObject","inLanguage":"es","@id":"https:\/\/blablavins.es\/es\/prades-950\/#primaryimage","url":"https:\/\/blablavins.es\/wp-content\/uploads\/2025\/03\/Prades-950.png","contentUrl":"https:\/\/blablavins.es\/wp-content\/uploads\/2025\/03\/Prades-950.png","width":1067,"height":1599},{"@type":"BreadcrumbList","@id":"https:\/\/blablavins.es\/es\/prades-950\/#breadcrumb","itemListElement":[{"@type":"ListItem","position":1,"name":"Portada","item":"https:\/\/blablavins.es\/es\/"},{"@type":"ListItem","position":2,"name":"Prades 950"}]},{"@type":"WebSite","@id":"https:\/\/blablavins.es\/es\/#website","url":"https:\/\/blablavins.es\/es\/","name":"Distribu\u00efdor de vins a Palafolls - Barcelona- blablavins.es","description":"Productos selectos con un servicio \u00fanico","potentialAction":[{"@type":"SearchAction","target":{"@type":"EntryPoint","urlTemplate":"https:\/\/blablavins.es\/es\/?s={search_term_string}"},"query-input":{"@type":"PropertyValueSpecification","valueRequired":true,"valueName":"search_term_string"}}],"inLanguage":"es"},{"@type":"Person","@id":"https:\/\/blablavins.es\/es\/#\/schema\/person\/d16bdb0917b0f0d4f3953e5d35e92a9a","name":"esolvo","image":{"@type":"ImageObject","inLanguage":"es","@id":"https:\/\/secure.gravatar.com\/avatar\/c85b49c4b2122249d9de29134a9d97031cfe65af0902c8adf1041ee698f42831?s=96&d=mm&r=g","url":"https:\/\/secure.gravatar.com\/avatar\/c85b49c4b2122249d9de29134a9d97031cfe65af0902c8adf1041ee698f42831?s=96&d=mm&r=g","contentUrl":"https:\/\/secure.gravatar.com\/avatar\/c85b49c4b2122249d9de29134a9d97031cfe65af0902c8adf1041ee698f42831?s=96&d=mm&r=g","caption":"esolvo"},"url":"https:\/\/blablavins.es\/es\/author\/esolvo\/"}]}},"_links":{"self":[{"href":"https:\/\/blablavins.es\/es\/wp-json\/wp\/v2\/posts\/2241","targetHints":{"allow":["GET"]}}],"collection":[{"href":"https:\/\/blablavins.es\/es\/wp-json\/wp\/v2\/posts"}],"about":[{"href":"https:\/\/blablavins.es\/es\/wp-json\/wp\/v2\/types\/post"}],"author":[{"embeddable":true,"href":"https:\/\/blablavins.es\/es\/wp-json\/wp\/v2\/users\/2"}],"replies":[{"embeddable":true,"href":"https:\/\/blablavins.es\/es\/wp-json\/wp\/v2\/comments?post=2241"}],"version-history":[{"count":1,"href":"https:\/\/blablavins.es\/es\/wp-json\/wp\/v2\/posts\/2241\/revisions"}],"predecessor-version":[{"id":2242,"href":"https:\/\/blablavins.es\/es\/wp-json\/wp\/v2\/posts\/2241\/revisions\/2242"}],"wp:featuredmedia":[{"embeddable":true,"href":"https:\/\/blablavins.es\/es\/wp-json\/wp\/v2\/media\/1510"}],"wp:attachment":[{"href":"https:\/\/blablavins.es\/es\/wp-json\/wp\/v2\/media?parent=2241"}],"wp:term":[{"taxonomy":"category","embeddable":true,"href":"https:\/\/blablavins.es\/es\/wp-json\/wp\/v2\/categories?post=2241"},{"taxonomy":"post_tag","embeddable":true,"href":"https:\/\/blablavins.es\/es\/wp-json\/wp\/v2\/tags?post=2241"},{"taxonomy":"categoria-vins","embeddable":true,"href":"https:\/\/blablavins.es\/es\/wp-json\/wp\/v2\/categoria-vins?post=2241"}],"curies":[{"name":"wp","href":"https:\/\/api.w.org\/{rel}","templated":true}]}}