{"id":2247,"date":"2025-03-13T08:00:32","date_gmt":"2025-03-13T07:00:32","guid":{"rendered":"https:\/\/blablavins.es\/fala-de-min\/"},"modified":"2026-06-05T11:27:56","modified_gmt":"2026-06-05T09:27:56","slug":"fala-de-min","status":"publish","type":"post","link":"https:\/\/blablavins.es\/es\/fala-de-min\/","title":{"rendered":"Fala de Min"},"content":{"rendered":"\n<h4 class=\"wp-block-heading\">ADEGAS<\/h4>\n\n<p><strong>ELABORACI\u00d3N<\/strong>: Pisado y prensado en prensa neum\u00e1tica con baja presi\u00f3n en contacto con CO2.<\/p>\n\n<p>VARIEDAD: Godello.<\/p>\n\n<p>CLIMA: Atl\u00e1ntico-Continental.<\/p>\n\n<p><strong>SITUACI\u00d3N DE LA VI\u00d1A<\/strong>: D.O. Ribeiro.<\/p>\n\n<p>ZONA ESPEC\u00cdFICA: Cuenca del Rio Avia, concretamente en el margen izquierdo del rio Avia a la altura de la parroquia de Sant Andreu de Ribadavia.<\/p>\n\n<p><strong>TIPo DE SUELO<\/strong>: Arcilloso.<\/p>\n\n<p><strong>PRODUCCI\u00d3N PROPIA ECOSOSTENIBLE<\/strong><\/p>\n\n<p><strong>CONTENIDO D&#8217;ALCOHOL<\/strong>: 12,5%<\/p>\n\n<p>DENSIDAD DE PLANTACI\u00d3N: 4.000 plantas<br\/>por hect\u00e1rea.<\/p>\n\n<p>GEMAS POR HECT\u00c1REA: 80.000.<\/p>\n\n<p><strong>SISTEMA DE CONDUCCI\u00d3<\/strong>: Espatllera.<\/p>\n\n<p>TIPO DE PODA: Royat, a pulgadas.<\/p>\n\n<p><strong>ALTITUD DE LAS VI\u00d1AS<\/strong>: 90 metros sobre el mar.<\/p>\n\n<p><strong>PLUVIOMETRIA<\/strong>: 600-800 litres d&#8217;aigua m\u00b2 i any.<\/p>\n\n<p>VENDIMIA ARTESANAL: realizada seg\u00fan<br\/>la maduraci\u00f3n de la uva durante el mes de octubre<br\/>de 2019 en la que se seleccionan las uvas en la<br\/>vid manualmente.<\/p>\n\n<p><strong>DESCORCHADO<\/strong><\/p>\n\n<p>T\u00aa DE SERVICIO APROX<br\/>11\u00baC<\/p>\n\n<p><strong>NOTES DE CATA<\/strong><\/p>\n\n<p>VISTA<br\/>Verde lim\u00f3n con tonos dorados, brillante.<\/p>\n\n<p>NARIZ<br\/>Toques minerales, donde resaltan aromas a frutas de<br\/>semilla (pera y manzana) madura.<\/p>\n\n<p>BOCA<br\/>Sabor mineral, a s\u00edlice con intenso sabor a frutas de<br\/>semilla (pera, manzana) madura.<\/p>\n\n<p>Puntuado con 91 puntos Tim Atkim en 2026<\/p>\n\n<p><\/p>\n","protected":false},"excerpt":{"rendered":"<p>ADEGAS ELABORACI\u00d3N: Pisado y prensado en prensa neum\u00e1tica con baja presi\u00f3n en contacto con CO2. VARIEDAD: Godello. CLIMA: Atl\u00e1ntico-Continental. SITUACI\u00d3N DE LA VI\u00d1A: D.O. Ribeiro. ZONA ESPEC\u00cdFICA: Cuenca del Rio Avia, concretamente en el margen izquierdo del rio Avia a la altura de la parroquia de Sant Andreu de Ribadavia. TIPo DE SUELO: Arcilloso. PRODUCCI\u00d3N [&hellip;]<\/p>\n","protected":false},"author":2,"featured_media":1498,"comment_status":"closed","ping_status":"closed","sticky":false,"template":"","format":"standard","meta":{"_joinchat":[],"footnotes":""},"categories":[85],"tags":[],"categoria-vins":[97],"class_list":["post-2247","post","type-post","status-publish","format-standard","has-post-thumbnail","hentry","category-vinos","categoria-vins-bodegas-adegas-do-rexudir-es"],"yoast_head":"<!-- This site is optimized with the Yoast SEO plugin v27.6 - https:\/\/yoast.com\/product\/yoast-seo-wordpress\/ -->\n<title>Fala de Min - Distribu\u00efdor de vins a Palafolls - Barcelona- blablavins.es<\/title>\n<meta name=\"robots\" content=\"index, follow, max-snippet:-1, max-image-preview:large, max-video-preview:-1\" \/>\n<link rel=\"canonical\" href=\"https:\/\/blablavins.es\/es\/fala-de-min\/\" \/>\n<meta property=\"og:locale\" content=\"es_ES\" \/>\n<meta property=\"og:type\" content=\"article\" \/>\n<meta property=\"og:title\" content=\"Fala de Min - Distribu\u00efdor de vins a Palafolls - Barcelona- blablavins.es\" \/>\n<meta property=\"og:description\" content=\"ADEGAS ELABORACI\u00d3N: Pisado y prensado en prensa neum\u00e1tica con baja presi\u00f3n en contacto con CO2. VARIEDAD: Godello. CLIMA: Atl\u00e1ntico-Continental. SITUACI\u00d3N DE LA VI\u00d1A: D.O. Ribeiro. ZONA ESPEC\u00cdFICA: Cuenca del Rio Avia, concretamente en el margen izquierdo del rio Avia a la altura de la parroquia de Sant Andreu de Ribadavia. TIPo DE SUELO: Arcilloso. PRODUCCI\u00d3N [&hellip;]\" \/>\n<meta property=\"og:url\" content=\"https:\/\/blablavins.es\/es\/fala-de-min\/\" \/>\n<meta property=\"og:site_name\" content=\"Distribu\u00efdor de vins a Palafolls - Barcelona- blablavins.es\" \/>\n<meta property=\"article:published_time\" content=\"2025-03-13T07:00:32+00:00\" \/>\n<meta property=\"article:modified_time\" content=\"2026-06-05T09:27:56+00:00\" \/>\n<meta property=\"og:image\" content=\"https:\/\/blablavins.es\/wp-content\/uploads\/2025\/03\/Adegas-Fala-de-Min.png\" \/>\n\t<meta property=\"og:image:width\" content=\"1067\" \/>\n\t<meta property=\"og:image:height\" content=\"1599\" \/>\n\t<meta property=\"og:image:type\" content=\"image\/png\" \/>\n<meta name=\"author\" content=\"esolvo\" \/>\n<meta name=\"twitter:card\" content=\"summary_large_image\" \/>\n<meta name=\"twitter:label1\" content=\"Escrito por\" \/>\n\t<meta name=\"twitter:data1\" content=\"esolvo\" \/>\n\t<meta name=\"twitter:label2\" content=\"Tiempo de lectura\" \/>\n\t<meta name=\"twitter:data2\" content=\"1 minuto\" \/>\n<script type=\"application\/ld+json\" class=\"yoast-schema-graph\">{\"@context\":\"https:\\\/\\\/schema.org\",\"@graph\":[{\"@type\":\"Article\",\"@id\":\"https:\\\/\\\/blablavins.es\\\/es\\\/fala-de-min\\\/#article\",\"isPartOf\":{\"@id\":\"https:\\\/\\\/blablavins.es\\\/es\\\/fala-de-min\\\/\"},\"author\":{\"name\":\"esolvo\",\"@id\":\"https:\\\/\\\/blablavins.es\\\/es\\\/#\\\/schema\\\/person\\\/d16bdb0917b0f0d4f3953e5d35e92a9a\"},\"headline\":\"Fala de Min\",\"datePublished\":\"2025-03-13T07:00:32+00:00\",\"dateModified\":\"2026-06-05T09:27:56+00:00\",\"mainEntityOfPage\":{\"@id\":\"https:\\\/\\\/blablavins.es\\\/es\\\/fala-de-min\\\/\"},\"wordCount\":183,\"image\":{\"@id\":\"https:\\\/\\\/blablavins.es\\\/es\\\/fala-de-min\\\/#primaryimage\"},\"thumbnailUrl\":\"https:\\\/\\\/blablavins.es\\\/wp-content\\\/uploads\\\/2025\\\/03\\\/Adegas-Fala-de-Min.png\",\"articleSection\":[\"Vinos\"],\"inLanguage\":\"es\"},{\"@type\":\"WebPage\",\"@id\":\"https:\\\/\\\/blablavins.es\\\/es\\\/fala-de-min\\\/\",\"url\":\"https:\\\/\\\/blablavins.es\\\/es\\\/fala-de-min\\\/\",\"name\":\"Fala de Min - Distribu\u00efdor de vins a Palafolls - Barcelona- blablavins.es\",\"isPartOf\":{\"@id\":\"https:\\\/\\\/blablavins.es\\\/es\\\/#website\"},\"primaryImageOfPage\":{\"@id\":\"https:\\\/\\\/blablavins.es\\\/es\\\/fala-de-min\\\/#primaryimage\"},\"image\":{\"@id\":\"https:\\\/\\\/blablavins.es\\\/es\\\/fala-de-min\\\/#primaryimage\"},\"thumbnailUrl\":\"https:\\\/\\\/blablavins.es\\\/wp-content\\\/uploads\\\/2025\\\/03\\\/Adegas-Fala-de-Min.png\",\"datePublished\":\"2025-03-13T07:00:32+00:00\",\"dateModified\":\"2026-06-05T09:27:56+00:00\",\"author\":{\"@id\":\"https:\\\/\\\/blablavins.es\\\/es\\\/#\\\/schema\\\/person\\\/d16bdb0917b0f0d4f3953e5d35e92a9a\"},\"breadcrumb\":{\"@id\":\"https:\\\/\\\/blablavins.es\\\/es\\\/fala-de-min\\\/#breadcrumb\"},\"inLanguage\":\"es\",\"potentialAction\":[{\"@type\":\"ReadAction\",\"target\":[\"https:\\\/\\\/blablavins.es\\\/es\\\/fala-de-min\\\/\"]}]},{\"@type\":\"ImageObject\",\"inLanguage\":\"es\",\"@id\":\"https:\\\/\\\/blablavins.es\\\/es\\\/fala-de-min\\\/#primaryimage\",\"url\":\"https:\\\/\\\/blablavins.es\\\/wp-content\\\/uploads\\\/2025\\\/03\\\/Adegas-Fala-de-Min.png\",\"contentUrl\":\"https:\\\/\\\/blablavins.es\\\/wp-content\\\/uploads\\\/2025\\\/03\\\/Adegas-Fala-de-Min.png\",\"width\":1067,\"height\":1599},{\"@type\":\"BreadcrumbList\",\"@id\":\"https:\\\/\\\/blablavins.es\\\/es\\\/fala-de-min\\\/#breadcrumb\",\"itemListElement\":[{\"@type\":\"ListItem\",\"position\":1,\"name\":\"Portada\",\"item\":\"https:\\\/\\\/blablavins.es\\\/es\\\/\"},{\"@type\":\"ListItem\",\"position\":2,\"name\":\"Fala de Min\"}]},{\"@type\":\"WebSite\",\"@id\":\"https:\\\/\\\/blablavins.es\\\/es\\\/#website\",\"url\":\"https:\\\/\\\/blablavins.es\\\/es\\\/\",\"name\":\"Distribu\u00efdor de vins a Palafolls - Barcelona- blablavins.es\",\"description\":\"Productos selectos con un servicio \u00fanico\",\"potentialAction\":[{\"@type\":\"SearchAction\",\"target\":{\"@type\":\"EntryPoint\",\"urlTemplate\":\"https:\\\/\\\/blablavins.es\\\/es\\\/?s={search_term_string}\"},\"query-input\":{\"@type\":\"PropertyValueSpecification\",\"valueRequired\":true,\"valueName\":\"search_term_string\"}}],\"inLanguage\":\"es\"},{\"@type\":\"Person\",\"@id\":\"https:\\\/\\\/blablavins.es\\\/es\\\/#\\\/schema\\\/person\\\/d16bdb0917b0f0d4f3953e5d35e92a9a\",\"name\":\"esolvo\",\"image\":{\"@type\":\"ImageObject\",\"inLanguage\":\"es\",\"@id\":\"https:\\\/\\\/secure.gravatar.com\\\/avatar\\\/c85b49c4b2122249d9de29134a9d97031cfe65af0902c8adf1041ee698f42831?s=96&d=mm&r=g\",\"url\":\"https:\\\/\\\/secure.gravatar.com\\\/avatar\\\/c85b49c4b2122249d9de29134a9d97031cfe65af0902c8adf1041ee698f42831?s=96&d=mm&r=g\",\"contentUrl\":\"https:\\\/\\\/secure.gravatar.com\\\/avatar\\\/c85b49c4b2122249d9de29134a9d97031cfe65af0902c8adf1041ee698f42831?s=96&d=mm&r=g\",\"caption\":\"esolvo\"},\"url\":\"https:\\\/\\\/blablavins.es\\\/es\\\/author\\\/esolvo\\\/\"}]}<\/script>\n<!-- \/ Yoast SEO plugin. -->","yoast_head_json":{"title":"Fala de Min - Distribu\u00efdor de vins a Palafolls - Barcelona- blablavins.es","robots":{"index":"index","follow":"follow","max-snippet":"max-snippet:-1","max-image-preview":"max-image-preview:large","max-video-preview":"max-video-preview:-1"},"canonical":"https:\/\/blablavins.es\/es\/fala-de-min\/","og_locale":"es_ES","og_type":"article","og_title":"Fala de Min - Distribu\u00efdor de vins a Palafolls - Barcelona- blablavins.es","og_description":"ADEGAS ELABORACI\u00d3N: Pisado y prensado en prensa neum\u00e1tica con baja presi\u00f3n en contacto con CO2. VARIEDAD: Godello. CLIMA: Atl\u00e1ntico-Continental. SITUACI\u00d3N DE LA VI\u00d1A: D.O. Ribeiro. ZONA ESPEC\u00cdFICA: Cuenca del Rio Avia, concretamente en el margen izquierdo del rio Avia a la altura de la parroquia de Sant Andreu de Ribadavia. TIPo DE SUELO: Arcilloso. PRODUCCI\u00d3N [&hellip;]","og_url":"https:\/\/blablavins.es\/es\/fala-de-min\/","og_site_name":"Distribu\u00efdor de vins a Palafolls - Barcelona- blablavins.es","article_published_time":"2025-03-13T07:00:32+00:00","article_modified_time":"2026-06-05T09:27:56+00:00","og_image":[{"width":1067,"height":1599,"url":"https:\/\/blablavins.es\/wp-content\/uploads\/2025\/03\/Adegas-Fala-de-Min.png","type":"image\/png"}],"author":"esolvo","twitter_card":"summary_large_image","twitter_misc":{"Escrito por":"esolvo","Tiempo de lectura":"1 minuto"},"schema":{"@context":"https:\/\/schema.org","@graph":[{"@type":"Article","@id":"https:\/\/blablavins.es\/es\/fala-de-min\/#article","isPartOf":{"@id":"https:\/\/blablavins.es\/es\/fala-de-min\/"},"author":{"name":"esolvo","@id":"https:\/\/blablavins.es\/es\/#\/schema\/person\/d16bdb0917b0f0d4f3953e5d35e92a9a"},"headline":"Fala de Min","datePublished":"2025-03-13T07:00:32+00:00","dateModified":"2026-06-05T09:27:56+00:00","mainEntityOfPage":{"@id":"https:\/\/blablavins.es\/es\/fala-de-min\/"},"wordCount":183,"image":{"@id":"https:\/\/blablavins.es\/es\/fala-de-min\/#primaryimage"},"thumbnailUrl":"https:\/\/blablavins.es\/wp-content\/uploads\/2025\/03\/Adegas-Fala-de-Min.png","articleSection":["Vinos"],"inLanguage":"es"},{"@type":"WebPage","@id":"https:\/\/blablavins.es\/es\/fala-de-min\/","url":"https:\/\/blablavins.es\/es\/fala-de-min\/","name":"Fala de Min - Distribu\u00efdor de vins a Palafolls - Barcelona- blablavins.es","isPartOf":{"@id":"https:\/\/blablavins.es\/es\/#website"},"primaryImageOfPage":{"@id":"https:\/\/blablavins.es\/es\/fala-de-min\/#primaryimage"},"image":{"@id":"https:\/\/blablavins.es\/es\/fala-de-min\/#primaryimage"},"thumbnailUrl":"https:\/\/blablavins.es\/wp-content\/uploads\/2025\/03\/Adegas-Fala-de-Min.png","datePublished":"2025-03-13T07:00:32+00:00","dateModified":"2026-06-05T09:27:56+00:00","author":{"@id":"https:\/\/blablavins.es\/es\/#\/schema\/person\/d16bdb0917b0f0d4f3953e5d35e92a9a"},"breadcrumb":{"@id":"https:\/\/blablavins.es\/es\/fala-de-min\/#breadcrumb"},"inLanguage":"es","potentialAction":[{"@type":"ReadAction","target":["https:\/\/blablavins.es\/es\/fala-de-min\/"]}]},{"@type":"ImageObject","inLanguage":"es","@id":"https:\/\/blablavins.es\/es\/fala-de-min\/#primaryimage","url":"https:\/\/blablavins.es\/wp-content\/uploads\/2025\/03\/Adegas-Fala-de-Min.png","contentUrl":"https:\/\/blablavins.es\/wp-content\/uploads\/2025\/03\/Adegas-Fala-de-Min.png","width":1067,"height":1599},{"@type":"BreadcrumbList","@id":"https:\/\/blablavins.es\/es\/fala-de-min\/#breadcrumb","itemListElement":[{"@type":"ListItem","position":1,"name":"Portada","item":"https:\/\/blablavins.es\/es\/"},{"@type":"ListItem","position":2,"name":"Fala de Min"}]},{"@type":"WebSite","@id":"https:\/\/blablavins.es\/es\/#website","url":"https:\/\/blablavins.es\/es\/","name":"Distribu\u00efdor de vins a Palafolls - Barcelona- blablavins.es","description":"Productos selectos con un servicio \u00fanico","potentialAction":[{"@type":"SearchAction","target":{"@type":"EntryPoint","urlTemplate":"https:\/\/blablavins.es\/es\/?s={search_term_string}"},"query-input":{"@type":"PropertyValueSpecification","valueRequired":true,"valueName":"search_term_string"}}],"inLanguage":"es"},{"@type":"Person","@id":"https:\/\/blablavins.es\/es\/#\/schema\/person\/d16bdb0917b0f0d4f3953e5d35e92a9a","name":"esolvo","image":{"@type":"ImageObject","inLanguage":"es","@id":"https:\/\/secure.gravatar.com\/avatar\/c85b49c4b2122249d9de29134a9d97031cfe65af0902c8adf1041ee698f42831?s=96&d=mm&r=g","url":"https:\/\/secure.gravatar.com\/avatar\/c85b49c4b2122249d9de29134a9d97031cfe65af0902c8adf1041ee698f42831?s=96&d=mm&r=g","contentUrl":"https:\/\/secure.gravatar.com\/avatar\/c85b49c4b2122249d9de29134a9d97031cfe65af0902c8adf1041ee698f42831?s=96&d=mm&r=g","caption":"esolvo"},"url":"https:\/\/blablavins.es\/es\/author\/esolvo\/"}]}},"_links":{"self":[{"href":"https:\/\/blablavins.es\/es\/wp-json\/wp\/v2\/posts\/2247","targetHints":{"allow":["GET"]}}],"collection":[{"href":"https:\/\/blablavins.es\/es\/wp-json\/wp\/v2\/posts"}],"about":[{"href":"https:\/\/blablavins.es\/es\/wp-json\/wp\/v2\/types\/post"}],"author":[{"embeddable":true,"href":"https:\/\/blablavins.es\/es\/wp-json\/wp\/v2\/users\/2"}],"replies":[{"embeddable":true,"href":"https:\/\/blablavins.es\/es\/wp-json\/wp\/v2\/comments?post=2247"}],"version-history":[{"count":4,"href":"https:\/\/blablavins.es\/es\/wp-json\/wp\/v2\/posts\/2247\/revisions"}],"predecessor-version":[{"id":3036,"href":"https:\/\/blablavins.es\/es\/wp-json\/wp\/v2\/posts\/2247\/revisions\/3036"}],"wp:featuredmedia":[{"embeddable":true,"href":"https:\/\/blablavins.es\/es\/wp-json\/wp\/v2\/media\/1498"}],"wp:attachment":[{"href":"https:\/\/blablavins.es\/es\/wp-json\/wp\/v2\/media?parent=2247"}],"wp:term":[{"taxonomy":"category","embeddable":true,"href":"https:\/\/blablavins.es\/es\/wp-json\/wp\/v2\/categories?post=2247"},{"taxonomy":"post_tag","embeddable":true,"href":"https:\/\/blablavins.es\/es\/wp-json\/wp\/v2\/tags?post=2247"},{"taxonomy":"categoria-vins","embeddable":true,"href":"https:\/\/blablavins.es\/es\/wp-json\/wp\/v2\/categoria-vins?post=2247"}],"curies":[{"name":"wp","href":"https:\/\/api.w.org\/{rel}","templated":true}]}}