{"id":2258,"date":"2025-03-30T10:21:39","date_gmt":"2025-03-30T08:21:39","guid":{"rendered":"https:\/\/blablavins.es\/lomo-de-bellota-iberico\/"},"modified":"2025-04-28T16:36:04","modified_gmt":"2025-04-28T14:36:04","slug":"lomo-de-bellota-iberico","status":"publish","type":"post","link":"https:\/\/blablavins.es\/es\/lomo-de-bellota-iberico\/","title":{"rendered":"Lomo de bellota ib\u00e9rico"},"content":{"rendered":"\n<h4 class=\"wp-block-heading\"><\/h4>\n\n<p><strong>Denominaci\u00f3n<\/strong><\/p>\n\n<p>Producto c\u00e1rnico procesado a partir de magro de cerdo ib\u00e9rico de bellota,<br\/>alimentaci\u00f3n a base de bellota, picado, abonado y embutido en tripa natural.<br\/>Curado y secado en secadores especiales para este prop\u00f3sito y secadores naturales.<\/p>\n\n<p><strong>Clasificaci\u00f3n del producto final<\/strong><\/p>\n\n<p>Seg\u00fan la industria: <strong>Salchich\u00f3n ib\u00e9rico de bellota curada<br\/><\/strong><strong>Marca comercial<\/strong>: HIJOS DE ATILANO GONZ\u00c1LEZ G\u00d3MEZ, S.L.<\/p>\n\n<p><strong>Ingredientes:<\/strong><\/p>\n\n<p>Carne y grasa de cerdo ib\u00e9rico de bellota, pimienta, ajo, sal com\u00fan, dextrina,<br\/>Prote\u00edna de cerdo, dextrosa, especias, antioxidante (ascorbato s\u00f3dico E-301),<br\/>conservadores (nitrito s\u00f3dico E-250 (0,25%), nitrato pot\u00e1sico E-252 (0,15%)),<br\/>colorante (\u00e1cido carm\u00ednico E-120 (0,065%)).<\/p>\n\n<p><strong>Presentaci\u00f3n comercial<\/strong><\/p>\n\n<ul class=\"wp-block-list\">\n<li>Piezas enteras.<\/li>\n\n\n\n<li>Piezas cortadas por la mitad envasadas al vac\u00edo.<\/li>\n<\/ul>\n\n<p><\/p>\n\n<p><strong>Condiciones de conservaci\u00f3n<\/strong><\/p>\n\n<p>Temperatura ambiente, producto curado. Se recomienda refrigeraci\u00f3n por motivos tecnol\u00f3gicos.<br\/>Las piezas envasadas deben conservarse refrigeradas ( &lt; 7 \u00baC). <\/p>\n\n<p><strong>Fecha de consumo preferente:<\/strong><\/p>\n\n<p>Preferiblemente antes del 10\/12\/2025<\/p>\n\n<p><strong>Valor energ\u00e9tico<\/strong>: 1737 kJ \/ 415 kcal<br\/><strong>Valor nutricional (por 100 gramos):<\/strong><\/p>\n\n<ul class=\"wp-block-list\">\n<li>Grasas: 30,9 g\n<ul class=\"wp-block-list\">\n<li>de las cuales saturadas: 13,6 g<\/li>\n<\/ul>\n<\/li>\n\n\n\n<li>Hidratos de carbono: 1,6 g\n<ul class=\"wp-block-list\">\n<li>de los cuales azucares: 0,45 g<\/li>\n<\/ul>\n<\/li>\n\n\n\n<li>Prote\u00ednas: 32,5 g<\/li>\n\n\n\n<li>Sal: 4,8 g<\/li>\n<\/ul>\n\n<p><\/p>\n\n<p><strong>Declaraci\u00f3n de al\u00e9rgenos<\/strong><\/p>\n\n<p>NO CONTIENE<\/p>\n\n<p><strong>Caracter\u00edsticas microbiol\u00f3gicas:<\/strong><\/p>\n\n<ul class=\"wp-block-list\">\n<li>Ausencia de <em>Salmonella spp<\/em> en 25 g<\/li>\n\n\n\n<li>&lt;100 ufc\/g <em>Listeria monocytogenes<\/em><\/li>\n\n\n\n<li>&lt;100 ufc\/g <em>Staphylococcus aureus<\/em><\/li>\n\n\n\n<li>&lt;100 ufc\/g <em>Escherichia coli<\/em><\/li>\n<\/ul>\n\n<p><\/p>\n\n<p><strong>Caracter\u00edsticas f\u00edsico-qu\u00edmicas:<\/strong><\/p>\n\n<ul class=\"wp-block-list\">\n<li>pH &lt; 5,20<\/li>\n\n\n\n<li>aw &lt; 0,92<\/li>\n<\/ul>\n\n<p><\/p>\n\n<p><strong>Al\u00e9rgenos<\/strong><\/p>\n\n<p>NO CONTIENE AL\u00c9RGENOS<\/p>\n\n<p><strong>OGM (Organismos Gen\u00e9ticamente Modificados)<\/strong><\/p>\n\n<p>Este producto <strong>no contiene ingredientes procedentes de Organismos Gen\u00e9ticamente Modificados<\/strong> y se han tomado las medidas oportunas para evitar el contacto con otras OGM, seg\u00fan reglamentaciones CE 1829\/2003 y 1830\/2003.<\/p>\n\n<p><strong>R.D. 4\/2014<\/strong><\/p>\n\n<p>Norma de Calidad para la carne, el jam\u00f3n, el hombro y la ca\u00f1a de lomo ib\u00e9ricos.<\/p>\n\n<p><strong>Certificaciones<\/strong><\/p>\n\n<p>Norma de Calidad del Ib\u00e9rico HYCER<\/p>\n\n<p><strong>Envoltorio<\/strong><\/p>\n\n<p>Retirar el envoltorio antes de su consumo.<\/p>\n","protected":false},"excerpt":{"rendered":"<p>Denominaci\u00f3n Producto c\u00e1rnico procesado a partir de magro de cerdo ib\u00e9rico de bellota,alimentaci\u00f3n a base de bellota, picado, abonado y embutido en tripa natural.Curado y secado en secadores especiales para este prop\u00f3sito y secadores naturales. Clasificaci\u00f3n del producto final Seg\u00fan la industria: Salchich\u00f3n ib\u00e9rico de bellota curadaMarca comercial: HIJOS DE ATILANO GONZ\u00c1LEZ G\u00d3MEZ, S.L. Ingredientes: [&hellip;]<\/p>\n","protected":false},"author":2,"featured_media":1492,"comment_status":"closed","ping_status":"closed","sticky":false,"template":"","format":"standard","meta":{"_joinchat":[],"footnotes":""},"categories":[86],"tags":[91],"categoria-vins":[],"class_list":["post-2258","post","type-post","status-publish","format-standard","has-post-thumbnail","hentry","category-jamones","tag-embutidos"],"yoast_head":"<!-- This site is optimized with the Yoast SEO plugin v27.6 - https:\/\/yoast.com\/product\/yoast-seo-wordpress\/ -->\n<title>Lomo de bellota ib\u00e9rico - Distribu\u00efdor de vins a Palafolls - Barcelona- blablavins.es<\/title>\n<meta name=\"robots\" content=\"index, follow, max-snippet:-1, max-image-preview:large, max-video-preview:-1\" \/>\n<link rel=\"canonical\" href=\"https:\/\/blablavins.es\/es\/lomo-de-bellota-iberico\/\" \/>\n<meta property=\"og:locale\" content=\"es_ES\" \/>\n<meta property=\"og:type\" content=\"article\" \/>\n<meta property=\"og:title\" content=\"Lomo de bellota ib\u00e9rico - Distribu\u00efdor de vins a Palafolls - Barcelona- blablavins.es\" \/>\n<meta property=\"og:description\" content=\"Denominaci\u00f3n Producto c\u00e1rnico procesado a partir de magro de cerdo ib\u00e9rico de bellota,alimentaci\u00f3n a base de bellota, picado, abonado y embutido en tripa natural.Curado y secado en secadores especiales para este prop\u00f3sito y secadores naturales. Clasificaci\u00f3n del producto final Seg\u00fan la industria: Salchich\u00f3n ib\u00e9rico de bellota curadaMarca comercial: HIJOS DE ATILANO GONZ\u00c1LEZ G\u00d3MEZ, S.L. Ingredientes: [&hellip;]\" \/>\n<meta property=\"og:url\" content=\"https:\/\/blablavins.es\/es\/lomo-de-bellota-iberico\/\" \/>\n<meta property=\"og:site_name\" content=\"Distribu\u00efdor de vins a Palafolls - Barcelona- blablavins.es\" \/>\n<meta property=\"article:published_time\" content=\"2025-03-30T08:21:39+00:00\" \/>\n<meta property=\"article:modified_time\" content=\"2025-04-28T14:36:04+00:00\" \/>\n<meta property=\"og:image\" content=\"https:\/\/blablavins.es\/wp-content\/uploads\/2025\/03\/LOMO-BELLOTA.png\" \/>\n\t<meta property=\"og:image:width\" content=\"1067\" \/>\n\t<meta property=\"og:image:height\" content=\"1599\" \/>\n\t<meta property=\"og:image:type\" content=\"image\/png\" \/>\n<meta name=\"author\" content=\"esolvo\" \/>\n<meta name=\"twitter:card\" content=\"summary_large_image\" \/>\n<meta name=\"twitter:label1\" content=\"Escrito por\" \/>\n\t<meta name=\"twitter:data1\" content=\"esolvo\" \/>\n\t<meta name=\"twitter:label2\" content=\"Tiempo de lectura\" \/>\n\t<meta name=\"twitter:data2\" content=\"2 minutos\" \/>\n<script type=\"application\/ld+json\" class=\"yoast-schema-graph\">{\"@context\":\"https:\\\/\\\/schema.org\",\"@graph\":[{\"@type\":\"Article\",\"@id\":\"https:\\\/\\\/blablavins.es\\\/es\\\/lomo-de-bellota-iberico\\\/#article\",\"isPartOf\":{\"@id\":\"https:\\\/\\\/blablavins.es\\\/es\\\/lomo-de-bellota-iberico\\\/\"},\"author\":{\"name\":\"esolvo\",\"@id\":\"https:\\\/\\\/blablavins.es\\\/es\\\/#\\\/schema\\\/person\\\/d16bdb0917b0f0d4f3953e5d35e92a9a\"},\"headline\":\"Lomo de bellota ib\u00e9rico\",\"datePublished\":\"2025-03-30T08:21:39+00:00\",\"dateModified\":\"2025-04-28T14:36:04+00:00\",\"mainEntityOfPage\":{\"@id\":\"https:\\\/\\\/blablavins.es\\\/es\\\/lomo-de-bellota-iberico\\\/\"},\"wordCount\":309,\"image\":{\"@id\":\"https:\\\/\\\/blablavins.es\\\/es\\\/lomo-de-bellota-iberico\\\/#primaryimage\"},\"thumbnailUrl\":\"https:\\\/\\\/blablavins.es\\\/wp-content\\\/uploads\\\/2025\\\/03\\\/LOMO-BELLOTA.png\",\"keywords\":[\"Embutidos\"],\"articleSection\":[\"Jamones\"],\"inLanguage\":\"es\"},{\"@type\":\"WebPage\",\"@id\":\"https:\\\/\\\/blablavins.es\\\/es\\\/lomo-de-bellota-iberico\\\/\",\"url\":\"https:\\\/\\\/blablavins.es\\\/es\\\/lomo-de-bellota-iberico\\\/\",\"name\":\"Lomo de bellota ib\u00e9rico - Distribu\u00efdor de vins a Palafolls - Barcelona- blablavins.es\",\"isPartOf\":{\"@id\":\"https:\\\/\\\/blablavins.es\\\/es\\\/#website\"},\"primaryImageOfPage\":{\"@id\":\"https:\\\/\\\/blablavins.es\\\/es\\\/lomo-de-bellota-iberico\\\/#primaryimage\"},\"image\":{\"@id\":\"https:\\\/\\\/blablavins.es\\\/es\\\/lomo-de-bellota-iberico\\\/#primaryimage\"},\"thumbnailUrl\":\"https:\\\/\\\/blablavins.es\\\/wp-content\\\/uploads\\\/2025\\\/03\\\/LOMO-BELLOTA.png\",\"datePublished\":\"2025-03-30T08:21:39+00:00\",\"dateModified\":\"2025-04-28T14:36:04+00:00\",\"author\":{\"@id\":\"https:\\\/\\\/blablavins.es\\\/es\\\/#\\\/schema\\\/person\\\/d16bdb0917b0f0d4f3953e5d35e92a9a\"},\"breadcrumb\":{\"@id\":\"https:\\\/\\\/blablavins.es\\\/es\\\/lomo-de-bellota-iberico\\\/#breadcrumb\"},\"inLanguage\":\"es\",\"potentialAction\":[{\"@type\":\"ReadAction\",\"target\":[\"https:\\\/\\\/blablavins.es\\\/es\\\/lomo-de-bellota-iberico\\\/\"]}]},{\"@type\":\"ImageObject\",\"inLanguage\":\"es\",\"@id\":\"https:\\\/\\\/blablavins.es\\\/es\\\/lomo-de-bellota-iberico\\\/#primaryimage\",\"url\":\"https:\\\/\\\/blablavins.es\\\/wp-content\\\/uploads\\\/2025\\\/03\\\/LOMO-BELLOTA.png\",\"contentUrl\":\"https:\\\/\\\/blablavins.es\\\/wp-content\\\/uploads\\\/2025\\\/03\\\/LOMO-BELLOTA.png\",\"width\":1067,\"height\":1599},{\"@type\":\"BreadcrumbList\",\"@id\":\"https:\\\/\\\/blablavins.es\\\/es\\\/lomo-de-bellota-iberico\\\/#breadcrumb\",\"itemListElement\":[{\"@type\":\"ListItem\",\"position\":1,\"name\":\"Portada\",\"item\":\"https:\\\/\\\/blablavins.es\\\/es\\\/\"},{\"@type\":\"ListItem\",\"position\":2,\"name\":\"Lomo de bellota ib\u00e9rico\"}]},{\"@type\":\"WebSite\",\"@id\":\"https:\\\/\\\/blablavins.es\\\/es\\\/#website\",\"url\":\"https:\\\/\\\/blablavins.es\\\/es\\\/\",\"name\":\"Distribu\u00efdor de vins a Palafolls - Barcelona- blablavins.es\",\"description\":\"Productos selectos con un servicio \u00fanico\",\"potentialAction\":[{\"@type\":\"SearchAction\",\"target\":{\"@type\":\"EntryPoint\",\"urlTemplate\":\"https:\\\/\\\/blablavins.es\\\/es\\\/?s={search_term_string}\"},\"query-input\":{\"@type\":\"PropertyValueSpecification\",\"valueRequired\":true,\"valueName\":\"search_term_string\"}}],\"inLanguage\":\"es\"},{\"@type\":\"Person\",\"@id\":\"https:\\\/\\\/blablavins.es\\\/es\\\/#\\\/schema\\\/person\\\/d16bdb0917b0f0d4f3953e5d35e92a9a\",\"name\":\"esolvo\",\"image\":{\"@type\":\"ImageObject\",\"inLanguage\":\"es\",\"@id\":\"https:\\\/\\\/secure.gravatar.com\\\/avatar\\\/c85b49c4b2122249d9de29134a9d97031cfe65af0902c8adf1041ee698f42831?s=96&d=mm&r=g\",\"url\":\"https:\\\/\\\/secure.gravatar.com\\\/avatar\\\/c85b49c4b2122249d9de29134a9d97031cfe65af0902c8adf1041ee698f42831?s=96&d=mm&r=g\",\"contentUrl\":\"https:\\\/\\\/secure.gravatar.com\\\/avatar\\\/c85b49c4b2122249d9de29134a9d97031cfe65af0902c8adf1041ee698f42831?s=96&d=mm&r=g\",\"caption\":\"esolvo\"},\"url\":\"https:\\\/\\\/blablavins.es\\\/es\\\/author\\\/esolvo\\\/\"}]}<\/script>\n<!-- \/ Yoast SEO plugin. -->","yoast_head_json":{"title":"Lomo de bellota ib\u00e9rico - Distribu\u00efdor de vins a Palafolls - Barcelona- blablavins.es","robots":{"index":"index","follow":"follow","max-snippet":"max-snippet:-1","max-image-preview":"max-image-preview:large","max-video-preview":"max-video-preview:-1"},"canonical":"https:\/\/blablavins.es\/es\/lomo-de-bellota-iberico\/","og_locale":"es_ES","og_type":"article","og_title":"Lomo de bellota ib\u00e9rico - Distribu\u00efdor de vins a Palafolls - Barcelona- blablavins.es","og_description":"Denominaci\u00f3n Producto c\u00e1rnico procesado a partir de magro de cerdo ib\u00e9rico de bellota,alimentaci\u00f3n a base de bellota, picado, abonado y embutido en tripa natural.Curado y secado en secadores especiales para este prop\u00f3sito y secadores naturales. Clasificaci\u00f3n del producto final Seg\u00fan la industria: Salchich\u00f3n ib\u00e9rico de bellota curadaMarca comercial: HIJOS DE ATILANO GONZ\u00c1LEZ G\u00d3MEZ, S.L. Ingredientes: [&hellip;]","og_url":"https:\/\/blablavins.es\/es\/lomo-de-bellota-iberico\/","og_site_name":"Distribu\u00efdor de vins a Palafolls - Barcelona- blablavins.es","article_published_time":"2025-03-30T08:21:39+00:00","article_modified_time":"2025-04-28T14:36:04+00:00","og_image":[{"width":1067,"height":1599,"url":"https:\/\/blablavins.es\/wp-content\/uploads\/2025\/03\/LOMO-BELLOTA.png","type":"image\/png"}],"author":"esolvo","twitter_card":"summary_large_image","twitter_misc":{"Escrito por":"esolvo","Tiempo de lectura":"2 minutos"},"schema":{"@context":"https:\/\/schema.org","@graph":[{"@type":"Article","@id":"https:\/\/blablavins.es\/es\/lomo-de-bellota-iberico\/#article","isPartOf":{"@id":"https:\/\/blablavins.es\/es\/lomo-de-bellota-iberico\/"},"author":{"name":"esolvo","@id":"https:\/\/blablavins.es\/es\/#\/schema\/person\/d16bdb0917b0f0d4f3953e5d35e92a9a"},"headline":"Lomo de bellota ib\u00e9rico","datePublished":"2025-03-30T08:21:39+00:00","dateModified":"2025-04-28T14:36:04+00:00","mainEntityOfPage":{"@id":"https:\/\/blablavins.es\/es\/lomo-de-bellota-iberico\/"},"wordCount":309,"image":{"@id":"https:\/\/blablavins.es\/es\/lomo-de-bellota-iberico\/#primaryimage"},"thumbnailUrl":"https:\/\/blablavins.es\/wp-content\/uploads\/2025\/03\/LOMO-BELLOTA.png","keywords":["Embutidos"],"articleSection":["Jamones"],"inLanguage":"es"},{"@type":"WebPage","@id":"https:\/\/blablavins.es\/es\/lomo-de-bellota-iberico\/","url":"https:\/\/blablavins.es\/es\/lomo-de-bellota-iberico\/","name":"Lomo de bellota ib\u00e9rico - Distribu\u00efdor de vins a Palafolls - Barcelona- blablavins.es","isPartOf":{"@id":"https:\/\/blablavins.es\/es\/#website"},"primaryImageOfPage":{"@id":"https:\/\/blablavins.es\/es\/lomo-de-bellota-iberico\/#primaryimage"},"image":{"@id":"https:\/\/blablavins.es\/es\/lomo-de-bellota-iberico\/#primaryimage"},"thumbnailUrl":"https:\/\/blablavins.es\/wp-content\/uploads\/2025\/03\/LOMO-BELLOTA.png","datePublished":"2025-03-30T08:21:39+00:00","dateModified":"2025-04-28T14:36:04+00:00","author":{"@id":"https:\/\/blablavins.es\/es\/#\/schema\/person\/d16bdb0917b0f0d4f3953e5d35e92a9a"},"breadcrumb":{"@id":"https:\/\/blablavins.es\/es\/lomo-de-bellota-iberico\/#breadcrumb"},"inLanguage":"es","potentialAction":[{"@type":"ReadAction","target":["https:\/\/blablavins.es\/es\/lomo-de-bellota-iberico\/"]}]},{"@type":"ImageObject","inLanguage":"es","@id":"https:\/\/blablavins.es\/es\/lomo-de-bellota-iberico\/#primaryimage","url":"https:\/\/blablavins.es\/wp-content\/uploads\/2025\/03\/LOMO-BELLOTA.png","contentUrl":"https:\/\/blablavins.es\/wp-content\/uploads\/2025\/03\/LOMO-BELLOTA.png","width":1067,"height":1599},{"@type":"BreadcrumbList","@id":"https:\/\/blablavins.es\/es\/lomo-de-bellota-iberico\/#breadcrumb","itemListElement":[{"@type":"ListItem","position":1,"name":"Portada","item":"https:\/\/blablavins.es\/es\/"},{"@type":"ListItem","position":2,"name":"Lomo de bellota ib\u00e9rico"}]},{"@type":"WebSite","@id":"https:\/\/blablavins.es\/es\/#website","url":"https:\/\/blablavins.es\/es\/","name":"Distribu\u00efdor de vins a Palafolls - Barcelona- blablavins.es","description":"Productos selectos con un servicio \u00fanico","potentialAction":[{"@type":"SearchAction","target":{"@type":"EntryPoint","urlTemplate":"https:\/\/blablavins.es\/es\/?s={search_term_string}"},"query-input":{"@type":"PropertyValueSpecification","valueRequired":true,"valueName":"search_term_string"}}],"inLanguage":"es"},{"@type":"Person","@id":"https:\/\/blablavins.es\/es\/#\/schema\/person\/d16bdb0917b0f0d4f3953e5d35e92a9a","name":"esolvo","image":{"@type":"ImageObject","inLanguage":"es","@id":"https:\/\/secure.gravatar.com\/avatar\/c85b49c4b2122249d9de29134a9d97031cfe65af0902c8adf1041ee698f42831?s=96&d=mm&r=g","url":"https:\/\/secure.gravatar.com\/avatar\/c85b49c4b2122249d9de29134a9d97031cfe65af0902c8adf1041ee698f42831?s=96&d=mm&r=g","contentUrl":"https:\/\/secure.gravatar.com\/avatar\/c85b49c4b2122249d9de29134a9d97031cfe65af0902c8adf1041ee698f42831?s=96&d=mm&r=g","caption":"esolvo"},"url":"https:\/\/blablavins.es\/es\/author\/esolvo\/"}]}},"_links":{"self":[{"href":"https:\/\/blablavins.es\/es\/wp-json\/wp\/v2\/posts\/2258","targetHints":{"allow":["GET"]}}],"collection":[{"href":"https:\/\/blablavins.es\/es\/wp-json\/wp\/v2\/posts"}],"about":[{"href":"https:\/\/blablavins.es\/es\/wp-json\/wp\/v2\/types\/post"}],"author":[{"embeddable":true,"href":"https:\/\/blablavins.es\/es\/wp-json\/wp\/v2\/users\/2"}],"replies":[{"embeddable":true,"href":"https:\/\/blablavins.es\/es\/wp-json\/wp\/v2\/comments?post=2258"}],"version-history":[{"count":1,"href":"https:\/\/blablavins.es\/es\/wp-json\/wp\/v2\/posts\/2258\/revisions"}],"predecessor-version":[{"id":2259,"href":"https:\/\/blablavins.es\/es\/wp-json\/wp\/v2\/posts\/2258\/revisions\/2259"}],"wp:featuredmedia":[{"embeddable":true,"href":"https:\/\/blablavins.es\/es\/wp-json\/wp\/v2\/media\/1492"}],"wp:attachment":[{"href":"https:\/\/blablavins.es\/es\/wp-json\/wp\/v2\/media?parent=2258"}],"wp:term":[{"taxonomy":"category","embeddable":true,"href":"https:\/\/blablavins.es\/es\/wp-json\/wp\/v2\/categories?post=2258"},{"taxonomy":"post_tag","embeddable":true,"href":"https:\/\/blablavins.es\/es\/wp-json\/wp\/v2\/tags?post=2258"},{"taxonomy":"categoria-vins","embeddable":true,"href":"https:\/\/blablavins.es\/es\/wp-json\/wp\/v2\/categoria-vins?post=2258"}],"curies":[{"name":"wp","href":"https:\/\/api.w.org\/{rel}","templated":true}]}}