{"id":2364,"date":"2025-03-17T08:00:00","date_gmt":"2025-03-17T07:00:00","guid":{"rendered":"https:\/\/blablavins.es\/mibal-perfil-2020\/"},"modified":"2025-04-25T14:51:39","modified_gmt":"2025-04-25T12:51:39","slug":"mibal-perfil-2020","status":"publish","type":"post","link":"https:\/\/blablavins.es\/es\/mibal-perfil-2020\/","title":{"rendered":"MiBal Perfil 2020"},"content":{"rendered":"\n<h4 class=\"wp-block-heading\">MIBAL<\/h4>\n\n<p><strong>DENOMINACI\u00d3N DE ORIGEN<\/strong><\/p>\n\n<p>Ribera del Duero.<\/p>\n\n<p><strong>VARIEDAD<\/strong><\/p>\n\n<p>100% Tempranillo.<\/p>\n\n<p><strong>EDAD DE LAS VI\u00d1AS<\/strong><\/p>\n\n<p>40 a\u00f1os.<\/p>\n\n<p><strong>VENDIMIA<\/strong><\/p>\n\n<p>Importantes precipitaciones durante el invierno y la primavera que, junto a un verano con temperaturas en julio, superiores a la media hist\u00f3rica, propiciaron uno frente a la vendimia hacia la tercera semana de septiembre.<\/p>\n\n<p>La recolecci\u00f3n de la uva fue manual en cajas de 12 Kg., y despu\u00e9s de una selecci\u00f3n en cinta donde se retiran la uva inferior se pasa a barrica de roble franc\u00e9s de 300 litros rotatorias donde el per\u00edodo de maceraci\u00f3n y fermentaci\u00f3n alcoh\u00f3lica de 30 d\u00edas y fermentaci\u00f3n malol\u00e1ctica sufre un \u00fanico roble franc\u00e9s de 225 y 300 litros para un envejecimiento de 17 meses. Vinificaci\u00f3n Integral en barrica.<\/p>\n\n<p><strong>NOTAS DE CATA<\/strong><\/p>\n\n<p>VISTA<br\/>Color rojo oscuro e intenso, de buena capa y una pulcritud y brillo que le hacen caracter\u00edstica.<\/p>\n\n<p>NARIZ<br\/>Una larga permanencia en roble ensambla con la expresi\u00f3n de la uva, formando una sensacional integraci\u00f3n. Se aprecian exuberantes aromas de tostados, torrefactos y especias, as\u00ed como algunas notas frutales, que completan este vino en conjunto. <\/p>\n\n<p>BOCA<br\/>Existe una estructura suficiente para lo que fue la a\u00f1ada y una carnosidad delicada. Su acidez es muy buena y proporciona un equilibrio extraordinario. Por \u00faltimo, la finura y elegancia que tiene este vino sorprenden y, seguramente, a\u00fan m\u00e1s con el paso del tiempo.  <\/p>\n","protected":false},"excerpt":{"rendered":"<p>MIBAL DENOMINACI\u00d3N DE ORIGEN Ribera del Duero. VARIEDAD 100% Tempranillo. EDAD DE LAS VI\u00d1AS 40 a\u00f1os. VENDIMIA Importantes precipitaciones durante el invierno y la primavera que, junto a un verano con temperaturas en julio, superiores a la media hist\u00f3rica, propiciaron uno frente a la vendimia hacia la tercera semana de septiembre. La recolecci\u00f3n de la [&hellip;]<\/p>\n","protected":false},"author":2,"featured_media":1523,"comment_status":"closed","ping_status":"closed","sticky":false,"template":"","format":"standard","meta":{"_joinchat":[],"footnotes":""},"categories":[84,85],"tags":[],"categoria-vins":[100],"class_list":["post-2364","post","type-post","status-publish","format-standard","has-post-thumbnail","hentry","category-destacados","category-vinos","categoria-vins-bodega-hornillos-ballesteros-do-ribera-de-duero"],"yoast_head":"<!-- This site is optimized with the Yoast SEO plugin v27.6 - https:\/\/yoast.com\/product\/yoast-seo-wordpress\/ -->\n<title>MiBal Perfil 2020 - Distribu\u00efdor de vins a Palafolls - Barcelona- blablavins.es<\/title>\n<meta name=\"robots\" content=\"index, follow, max-snippet:-1, max-image-preview:large, max-video-preview:-1\" \/>\n<link rel=\"canonical\" href=\"https:\/\/blablavins.es\/es\/mibal-perfil-2020\/\" \/>\n<meta property=\"og:locale\" content=\"es_ES\" \/>\n<meta property=\"og:type\" content=\"article\" \/>\n<meta property=\"og:title\" content=\"MiBal Perfil 2020 - Distribu\u00efdor de vins a Palafolls - Barcelona- blablavins.es\" \/>\n<meta property=\"og:description\" content=\"MIBAL DENOMINACI\u00d3N DE ORIGEN Ribera del Duero. VARIEDAD 100% Tempranillo. EDAD DE LAS VI\u00d1AS 40 a\u00f1os. VENDIMIA Importantes precipitaciones durante el invierno y la primavera que, junto a un verano con temperaturas en julio, superiores a la media hist\u00f3rica, propiciaron uno frente a la vendimia hacia la tercera semana de septiembre. La recolecci\u00f3n de la [&hellip;]\" \/>\n<meta property=\"og:url\" content=\"https:\/\/blablavins.es\/es\/mibal-perfil-2020\/\" \/>\n<meta property=\"og:site_name\" content=\"Distribu\u00efdor de vins a Palafolls - Barcelona- blablavins.es\" \/>\n<meta property=\"article:published_time\" content=\"2025-03-17T07:00:00+00:00\" \/>\n<meta property=\"article:modified_time\" content=\"2025-04-25T12:51:39+00:00\" \/>\n<meta property=\"og:image\" content=\"https:\/\/blablavins.es\/wp-content\/uploads\/2025\/03\/Perfil.png\" \/>\n\t<meta property=\"og:image:width\" content=\"1067\" \/>\n\t<meta property=\"og:image:height\" content=\"1599\" \/>\n\t<meta property=\"og:image:type\" content=\"image\/png\" \/>\n<meta name=\"author\" content=\"esolvo\" \/>\n<meta name=\"twitter:card\" content=\"summary_large_image\" \/>\n<meta name=\"twitter:label1\" content=\"Escrito por\" \/>\n\t<meta name=\"twitter:data1\" content=\"esolvo\" \/>\n\t<meta name=\"twitter:label2\" content=\"Tiempo de lectura\" \/>\n\t<meta name=\"twitter:data2\" content=\"1 minuto\" \/>\n<script type=\"application\/ld+json\" class=\"yoast-schema-graph\">{\"@context\":\"https:\\\/\\\/schema.org\",\"@graph\":[{\"@type\":\"Article\",\"@id\":\"https:\\\/\\\/blablavins.es\\\/es\\\/mibal-perfil-2020\\\/#article\",\"isPartOf\":{\"@id\":\"https:\\\/\\\/blablavins.es\\\/es\\\/mibal-perfil-2020\\\/\"},\"author\":{\"name\":\"esolvo\",\"@id\":\"https:\\\/\\\/blablavins.es\\\/es\\\/#\\\/schema\\\/person\\\/d16bdb0917b0f0d4f3953e5d35e92a9a\"},\"headline\":\"MiBal Perfil 2020\",\"datePublished\":\"2025-03-17T07:00:00+00:00\",\"dateModified\":\"2025-04-25T12:51:39+00:00\",\"mainEntityOfPage\":{\"@id\":\"https:\\\/\\\/blablavins.es\\\/es\\\/mibal-perfil-2020\\\/\"},\"wordCount\":238,\"image\":{\"@id\":\"https:\\\/\\\/blablavins.es\\\/es\\\/mibal-perfil-2020\\\/#primaryimage\"},\"thumbnailUrl\":\"https:\\\/\\\/blablavins.es\\\/wp-content\\\/uploads\\\/2025\\\/03\\\/Perfil.png\",\"articleSection\":[\"Destacados\",\"Vinos\"],\"inLanguage\":\"es\"},{\"@type\":\"WebPage\",\"@id\":\"https:\\\/\\\/blablavins.es\\\/es\\\/mibal-perfil-2020\\\/\",\"url\":\"https:\\\/\\\/blablavins.es\\\/es\\\/mibal-perfil-2020\\\/\",\"name\":\"MiBal Perfil 2020 - Distribu\u00efdor de vins a Palafolls - Barcelona- blablavins.es\",\"isPartOf\":{\"@id\":\"https:\\\/\\\/blablavins.es\\\/es\\\/#website\"},\"primaryImageOfPage\":{\"@id\":\"https:\\\/\\\/blablavins.es\\\/es\\\/mibal-perfil-2020\\\/#primaryimage\"},\"image\":{\"@id\":\"https:\\\/\\\/blablavins.es\\\/es\\\/mibal-perfil-2020\\\/#primaryimage\"},\"thumbnailUrl\":\"https:\\\/\\\/blablavins.es\\\/wp-content\\\/uploads\\\/2025\\\/03\\\/Perfil.png\",\"datePublished\":\"2025-03-17T07:00:00+00:00\",\"dateModified\":\"2025-04-25T12:51:39+00:00\",\"author\":{\"@id\":\"https:\\\/\\\/blablavins.es\\\/es\\\/#\\\/schema\\\/person\\\/d16bdb0917b0f0d4f3953e5d35e92a9a\"},\"breadcrumb\":{\"@id\":\"https:\\\/\\\/blablavins.es\\\/es\\\/mibal-perfil-2020\\\/#breadcrumb\"},\"inLanguage\":\"es\",\"potentialAction\":[{\"@type\":\"ReadAction\",\"target\":[\"https:\\\/\\\/blablavins.es\\\/es\\\/mibal-perfil-2020\\\/\"]}]},{\"@type\":\"ImageObject\",\"inLanguage\":\"es\",\"@id\":\"https:\\\/\\\/blablavins.es\\\/es\\\/mibal-perfil-2020\\\/#primaryimage\",\"url\":\"https:\\\/\\\/blablavins.es\\\/wp-content\\\/uploads\\\/2025\\\/03\\\/Perfil.png\",\"contentUrl\":\"https:\\\/\\\/blablavins.es\\\/wp-content\\\/uploads\\\/2025\\\/03\\\/Perfil.png\",\"width\":1067,\"height\":1599},{\"@type\":\"BreadcrumbList\",\"@id\":\"https:\\\/\\\/blablavins.es\\\/es\\\/mibal-perfil-2020\\\/#breadcrumb\",\"itemListElement\":[{\"@type\":\"ListItem\",\"position\":1,\"name\":\"Portada\",\"item\":\"https:\\\/\\\/blablavins.es\\\/es\\\/\"},{\"@type\":\"ListItem\",\"position\":2,\"name\":\"MiBal Perfil 2020\"}]},{\"@type\":\"WebSite\",\"@id\":\"https:\\\/\\\/blablavins.es\\\/es\\\/#website\",\"url\":\"https:\\\/\\\/blablavins.es\\\/es\\\/\",\"name\":\"Distribu\u00efdor de vins a Palafolls - Barcelona- blablavins.es\",\"description\":\"Productos selectos con un servicio \u00fanico\",\"potentialAction\":[{\"@type\":\"SearchAction\",\"target\":{\"@type\":\"EntryPoint\",\"urlTemplate\":\"https:\\\/\\\/blablavins.es\\\/es\\\/?s={search_term_string}\"},\"query-input\":{\"@type\":\"PropertyValueSpecification\",\"valueRequired\":true,\"valueName\":\"search_term_string\"}}],\"inLanguage\":\"es\"},{\"@type\":\"Person\",\"@id\":\"https:\\\/\\\/blablavins.es\\\/es\\\/#\\\/schema\\\/person\\\/d16bdb0917b0f0d4f3953e5d35e92a9a\",\"name\":\"esolvo\",\"image\":{\"@type\":\"ImageObject\",\"inLanguage\":\"es\",\"@id\":\"https:\\\/\\\/secure.gravatar.com\\\/avatar\\\/c85b49c4b2122249d9de29134a9d97031cfe65af0902c8adf1041ee698f42831?s=96&d=mm&r=g\",\"url\":\"https:\\\/\\\/secure.gravatar.com\\\/avatar\\\/c85b49c4b2122249d9de29134a9d97031cfe65af0902c8adf1041ee698f42831?s=96&d=mm&r=g\",\"contentUrl\":\"https:\\\/\\\/secure.gravatar.com\\\/avatar\\\/c85b49c4b2122249d9de29134a9d97031cfe65af0902c8adf1041ee698f42831?s=96&d=mm&r=g\",\"caption\":\"esolvo\"},\"url\":\"https:\\\/\\\/blablavins.es\\\/es\\\/author\\\/esolvo\\\/\"}]}<\/script>\n<!-- \/ Yoast SEO plugin. -->","yoast_head_json":{"title":"MiBal Perfil 2020 - Distribu\u00efdor de vins a Palafolls - Barcelona- blablavins.es","robots":{"index":"index","follow":"follow","max-snippet":"max-snippet:-1","max-image-preview":"max-image-preview:large","max-video-preview":"max-video-preview:-1"},"canonical":"https:\/\/blablavins.es\/es\/mibal-perfil-2020\/","og_locale":"es_ES","og_type":"article","og_title":"MiBal Perfil 2020 - Distribu\u00efdor de vins a Palafolls - Barcelona- blablavins.es","og_description":"MIBAL DENOMINACI\u00d3N DE ORIGEN Ribera del Duero. VARIEDAD 100% Tempranillo. EDAD DE LAS VI\u00d1AS 40 a\u00f1os. VENDIMIA Importantes precipitaciones durante el invierno y la primavera que, junto a un verano con temperaturas en julio, superiores a la media hist\u00f3rica, propiciaron uno frente a la vendimia hacia la tercera semana de septiembre. La recolecci\u00f3n de la [&hellip;]","og_url":"https:\/\/blablavins.es\/es\/mibal-perfil-2020\/","og_site_name":"Distribu\u00efdor de vins a Palafolls - Barcelona- blablavins.es","article_published_time":"2025-03-17T07:00:00+00:00","article_modified_time":"2025-04-25T12:51:39+00:00","og_image":[{"width":1067,"height":1599,"url":"https:\/\/blablavins.es\/wp-content\/uploads\/2025\/03\/Perfil.png","type":"image\/png"}],"author":"esolvo","twitter_card":"summary_large_image","twitter_misc":{"Escrito por":"esolvo","Tiempo de lectura":"1 minuto"},"schema":{"@context":"https:\/\/schema.org","@graph":[{"@type":"Article","@id":"https:\/\/blablavins.es\/es\/mibal-perfil-2020\/#article","isPartOf":{"@id":"https:\/\/blablavins.es\/es\/mibal-perfil-2020\/"},"author":{"name":"esolvo","@id":"https:\/\/blablavins.es\/es\/#\/schema\/person\/d16bdb0917b0f0d4f3953e5d35e92a9a"},"headline":"MiBal Perfil 2020","datePublished":"2025-03-17T07:00:00+00:00","dateModified":"2025-04-25T12:51:39+00:00","mainEntityOfPage":{"@id":"https:\/\/blablavins.es\/es\/mibal-perfil-2020\/"},"wordCount":238,"image":{"@id":"https:\/\/blablavins.es\/es\/mibal-perfil-2020\/#primaryimage"},"thumbnailUrl":"https:\/\/blablavins.es\/wp-content\/uploads\/2025\/03\/Perfil.png","articleSection":["Destacados","Vinos"],"inLanguage":"es"},{"@type":"WebPage","@id":"https:\/\/blablavins.es\/es\/mibal-perfil-2020\/","url":"https:\/\/blablavins.es\/es\/mibal-perfil-2020\/","name":"MiBal Perfil 2020 - Distribu\u00efdor de vins a Palafolls - Barcelona- blablavins.es","isPartOf":{"@id":"https:\/\/blablavins.es\/es\/#website"},"primaryImageOfPage":{"@id":"https:\/\/blablavins.es\/es\/mibal-perfil-2020\/#primaryimage"},"image":{"@id":"https:\/\/blablavins.es\/es\/mibal-perfil-2020\/#primaryimage"},"thumbnailUrl":"https:\/\/blablavins.es\/wp-content\/uploads\/2025\/03\/Perfil.png","datePublished":"2025-03-17T07:00:00+00:00","dateModified":"2025-04-25T12:51:39+00:00","author":{"@id":"https:\/\/blablavins.es\/es\/#\/schema\/person\/d16bdb0917b0f0d4f3953e5d35e92a9a"},"breadcrumb":{"@id":"https:\/\/blablavins.es\/es\/mibal-perfil-2020\/#breadcrumb"},"inLanguage":"es","potentialAction":[{"@type":"ReadAction","target":["https:\/\/blablavins.es\/es\/mibal-perfil-2020\/"]}]},{"@type":"ImageObject","inLanguage":"es","@id":"https:\/\/blablavins.es\/es\/mibal-perfil-2020\/#primaryimage","url":"https:\/\/blablavins.es\/wp-content\/uploads\/2025\/03\/Perfil.png","contentUrl":"https:\/\/blablavins.es\/wp-content\/uploads\/2025\/03\/Perfil.png","width":1067,"height":1599},{"@type":"BreadcrumbList","@id":"https:\/\/blablavins.es\/es\/mibal-perfil-2020\/#breadcrumb","itemListElement":[{"@type":"ListItem","position":1,"name":"Portada","item":"https:\/\/blablavins.es\/es\/"},{"@type":"ListItem","position":2,"name":"MiBal Perfil 2020"}]},{"@type":"WebSite","@id":"https:\/\/blablavins.es\/es\/#website","url":"https:\/\/blablavins.es\/es\/","name":"Distribu\u00efdor de vins a Palafolls - Barcelona- blablavins.es","description":"Productos selectos con un servicio \u00fanico","potentialAction":[{"@type":"SearchAction","target":{"@type":"EntryPoint","urlTemplate":"https:\/\/blablavins.es\/es\/?s={search_term_string}"},"query-input":{"@type":"PropertyValueSpecification","valueRequired":true,"valueName":"search_term_string"}}],"inLanguage":"es"},{"@type":"Person","@id":"https:\/\/blablavins.es\/es\/#\/schema\/person\/d16bdb0917b0f0d4f3953e5d35e92a9a","name":"esolvo","image":{"@type":"ImageObject","inLanguage":"es","@id":"https:\/\/secure.gravatar.com\/avatar\/c85b49c4b2122249d9de29134a9d97031cfe65af0902c8adf1041ee698f42831?s=96&d=mm&r=g","url":"https:\/\/secure.gravatar.com\/avatar\/c85b49c4b2122249d9de29134a9d97031cfe65af0902c8adf1041ee698f42831?s=96&d=mm&r=g","contentUrl":"https:\/\/secure.gravatar.com\/avatar\/c85b49c4b2122249d9de29134a9d97031cfe65af0902c8adf1041ee698f42831?s=96&d=mm&r=g","caption":"esolvo"},"url":"https:\/\/blablavins.es\/es\/author\/esolvo\/"}]}},"_links":{"self":[{"href":"https:\/\/blablavins.es\/es\/wp-json\/wp\/v2\/posts\/2364","targetHints":{"allow":["GET"]}}],"collection":[{"href":"https:\/\/blablavins.es\/es\/wp-json\/wp\/v2\/posts"}],"about":[{"href":"https:\/\/blablavins.es\/es\/wp-json\/wp\/v2\/types\/post"}],"author":[{"embeddable":true,"href":"https:\/\/blablavins.es\/es\/wp-json\/wp\/v2\/users\/2"}],"replies":[{"embeddable":true,"href":"https:\/\/blablavins.es\/es\/wp-json\/wp\/v2\/comments?post=2364"}],"version-history":[{"count":3,"href":"https:\/\/blablavins.es\/es\/wp-json\/wp\/v2\/posts\/2364\/revisions"}],"predecessor-version":[{"id":2397,"href":"https:\/\/blablavins.es\/es\/wp-json\/wp\/v2\/posts\/2364\/revisions\/2397"}],"wp:featuredmedia":[{"embeddable":true,"href":"https:\/\/blablavins.es\/es\/wp-json\/wp\/v2\/media\/1523"}],"wp:attachment":[{"href":"https:\/\/blablavins.es\/es\/wp-json\/wp\/v2\/media?parent=2364"}],"wp:term":[{"taxonomy":"category","embeddable":true,"href":"https:\/\/blablavins.es\/es\/wp-json\/wp\/v2\/categories?post=2364"},{"taxonomy":"post_tag","embeddable":true,"href":"https:\/\/blablavins.es\/es\/wp-json\/wp\/v2\/tags?post=2364"},{"taxonomy":"categoria-vins","embeddable":true,"href":"https:\/\/blablavins.es\/es\/wp-json\/wp\/v2\/categoria-vins?post=2364"}],"curies":[{"name":"wp","href":"https:\/\/api.w.org\/{rel}","templated":true}]}}