{"id":2420,"date":"2025-03-30T09:50:16","date_gmt":"2025-03-30T07:50:16","guid":{"rendered":"https:\/\/blablavins.es\/salchichon-de-bellota-iberico\/"},"modified":"2025-04-25T14:51:13","modified_gmt":"2025-04-25T12:51:13","slug":"salchichon-de-bellota-iberico","status":"publish","type":"post","link":"https:\/\/blablavins.es\/es\/salchichon-de-bellota-iberico\/","title":{"rendered":"Salchich\u00f3n de bellota ib\u00e9rico"},"content":{"rendered":"\n<p><strong>DENOMINACI\u00d3N:<\/strong> <\/p>\n\n<p>Producto c\u00e1rnico procesado a partir de <strong>magro de cerdo de bellota ib\u00e9rico<\/strong>, alimentaci\u00f3n bellota, picado, adobado y embutido en tripa natural. Curado y secante en secadores especiales para ello y secadores naturales. <\/p>\n\n<p><strong>CLASIFICACI\u00d3N DEL PRODUCTO FINAL<\/strong> seg\u00fan la industria: <\/p>\n\n<p><strong>Salchich\u00f3n de bellota ib\u00e9rico curado<br\/><\/strong><strong>Marca comercial: <\/strong>HIJOS DE ATILANO GONZALEZ GOMEZ, S.L.<\/p>\n\n<p><strong>COMPOSICI\u00d3N (ingredientes):<\/strong><\/p>\n\n<ul class=\"wp-block-list\">\n<li>Carne y grasa de cerdo de bellota ib\u00e9rico<\/li>\n\n\n\n<li>Pimienta<\/li>\n\n\n\n<li>Ajo<\/li>\n\n\n\n<li>Sal com\u00fan<\/li>\n\n\n\n<li>Dextrina<\/li>\n\n\n\n<li>Proteina del cerdo<\/li>\n\n\n\n<li>Dextrosa<\/li>\n\n\n\n<li>Especias<\/li>\n\n\n\n<li>Antioxidante (Ascorbato s\u00f3dico E-301)<\/li>\n\n\n\n<li>Conservantes (Nitrito s\u00f3dico E-250 (0,25%), Nitrato pot\u00e1sico E-252 (0,15%))<\/li>\n\n\n\n<li>Colorante (\u00c0cid carm\u00ednic E-120 (0,065%))<\/li>\n<\/ul>\n\n<p><\/p>\n\n<p><strong>PRESENTACI\u00d3N COMERCIAL:<\/strong><\/p>\n\n<ul class=\"wp-block-list\">\n<li>Piezas enteras<\/li>\n\n\n\n<li>Piezas cortadas en medias envasadas al vac\u00edo<\/li>\n<\/ul>\n\n<p><\/p>\n\n<p><strong>CONDICIONES DE TEMPERATURA:<\/strong> <\/p>\n\n<p>Ambiente, producto curado. Se recomienda el almacenamiento en refrigeraci\u00f3n por motivos tecnol\u00f3gicos.<br\/>Las piezas envasadas deben mantenerse en refrigeraci\u00f3n (&lt;7\u00baC). <\/p>\n\n<p><strong>FECHA DE DURACI\u00d3N M\u00cdNIMA:<\/strong> <\/p>\n\n<p>Consumir preferentemente antes del 10\/12\/2025.<\/p>\n\n<p><strong>VALOR ENERG\u00c9TICO (por 100 grams):<\/strong><\/p>\n\n<ul class=\"wp-block-list\">\n<li>Energ\u00eda: 1737 Kj \/ 415 Kcal<\/li>\n\n\n\n<li>Grasas: 30,9 gr<\/li>\n\n\n\n<li>De las cuales saturadas: 13,6 gr<\/li>\n\n\n\n<li>Hidratos de carbono: 1,6 gr<\/li>\n\n\n\n<li>De los cuales az\u00facares: 0,45 gr<\/li>\n\n\n\n<li>Prote\u00ednas: 32,5 gr<\/li>\n\n\n\n<li>Sal: 4,8 gr<\/li>\n<\/ul>\n\n<p><\/p>\n\n<p><strong>DECLARACI\u00d3N DE AL\u00c9RGENOS:<\/strong> <\/p>\n\n<p>NO CONTIENE.<\/p>\n\n<p><strong>CARACTER\u00cdSTICAS MICROBIOL\u00d3GICAS:<\/strong><\/p>\n\n<ul class=\"wp-block-list\">\n<li>Ausencia de Salmonella spp en 25 gr<\/li>\n\n\n\n<li>&lt;100 ufc\/gr Listeria monocytogenes<\/li>\n\n\n\n<li>&lt;100 ufc\/gr Staphylococcus aureus<\/li>\n\n\n\n<li>&lt;100 ufc\/gr Escherichia coli<\/li>\n<\/ul>\n\n<p><\/p>\n\n<p><strong>CARACTER\u00cdSTICAS F\u00cdSICO-QU\u00cdMICAS:<\/strong><\/p>\n\n<ul class=\"wp-block-list\">\n<li>pH &lt; 5,20<\/li>\n\n\n\n<li>aw &lt; 0,92<\/li>\n<\/ul>\n\n<p><\/p>\n\n<p><strong>AL\u00c9RGENOS:<\/strong> <\/p>\n\n<p>NO CONTIENE AL\u00c9RGENOS<\/p>\n\n<p><strong>OGM:<\/strong> <\/p>\n\n<p>Este producto no contiene ingredientes procedentes de Organismos Modificados Gen\u00e9ticamente (OMG) y se han tomado las medidas oportunas para evitar el contacto con otros OMG de acuerdo a las normativas CE 1829\/2003 y 1830\/2003.<br\/>R.D. 4\/2014 Norma de Calidad para la carne, el jam\u00f3n, la paleta y la ca\u00f1a de lomo ib\u00e9rico.<\/p>\n\n<p><strong>CERTIFICACIONES DE CALIDAD:<\/strong><\/p>\n\n<ul class=\"wp-block-list\">\n<li>Norma de Calidad del Ib\u00e9rico HYCER<\/li>\n<\/ul>\n\n<p><\/p>\n\n<p><strong>ENVOLTORIO:<\/strong> <\/p>\n\n<p>Retirar el envoltorio antes de su consumo.<\/p>\n\n<p><\/p>\n","protected":false},"excerpt":{"rendered":"<p>DENOMINACI\u00d3N: Producto c\u00e1rnico procesado a partir de magro de cerdo de bellota ib\u00e9rico, alimentaci\u00f3n bellota, picado, adobado y embutido en tripa natural. Curado y secante en secadores especiales para ello y secadores naturales. CLASIFICACI\u00d3N DEL PRODUCTO FINAL seg\u00fan la industria: Salchich\u00f3n de bellota ib\u00e9rico curadoMarca comercial: HIJOS DE ATILANO GONZALEZ GOMEZ, S.L. COMPOSICI\u00d3N (ingredientes): PRESENTACI\u00d3N [&hellip;]<\/p>\n","protected":false},"author":2,"featured_media":1495,"comment_status":"closed","ping_status":"closed","sticky":false,"template":"","format":"standard","meta":{"_joinchat":[],"footnotes":""},"categories":[86],"tags":[91],"categoria-vins":[],"class_list":["post-2420","post","type-post","status-publish","format-standard","has-post-thumbnail","hentry","category-jamones","tag-embutidos"],"yoast_head":"<!-- This site is optimized with the Yoast SEO plugin v27.6 - https:\/\/yoast.com\/product\/yoast-seo-wordpress\/ -->\n<title>Salchich\u00f3n de bellota ib\u00e9rico - Distribu\u00efdor de vins a Palafolls - Barcelona- blablavins.es<\/title>\n<meta name=\"robots\" content=\"index, follow, max-snippet:-1, max-image-preview:large, max-video-preview:-1\" \/>\n<link rel=\"canonical\" href=\"https:\/\/blablavins.es\/es\/salchichon-de-bellota-iberico\/\" \/>\n<meta property=\"og:locale\" content=\"es_ES\" \/>\n<meta property=\"og:type\" content=\"article\" \/>\n<meta property=\"og:title\" content=\"Salchich\u00f3n de bellota ib\u00e9rico - Distribu\u00efdor de vins a Palafolls - Barcelona- blablavins.es\" \/>\n<meta property=\"og:description\" content=\"DENOMINACI\u00d3N: Producto c\u00e1rnico procesado a partir de magro de cerdo de bellota ib\u00e9rico, alimentaci\u00f3n bellota, picado, adobado y embutido en tripa natural. Curado y secante en secadores especiales para ello y secadores naturales. CLASIFICACI\u00d3N DEL PRODUCTO FINAL seg\u00fan la industria: Salchich\u00f3n de bellota ib\u00e9rico curadoMarca comercial: HIJOS DE ATILANO GONZALEZ GOMEZ, S.L. COMPOSICI\u00d3N (ingredientes): PRESENTACI\u00d3N [&hellip;]\" \/>\n<meta property=\"og:url\" content=\"https:\/\/blablavins.es\/es\/salchichon-de-bellota-iberico\/\" \/>\n<meta property=\"og:site_name\" content=\"Distribu\u00efdor de vins a Palafolls - Barcelona- blablavins.es\" \/>\n<meta property=\"article:published_time\" content=\"2025-03-30T07:50:16+00:00\" \/>\n<meta property=\"article:modified_time\" content=\"2025-04-25T12:51:13+00:00\" \/>\n<meta property=\"og:image\" content=\"https:\/\/blablavins.es\/wp-content\/uploads\/2025\/03\/SALCHICHON.png\" \/>\n\t<meta property=\"og:image:width\" content=\"1067\" \/>\n\t<meta property=\"og:image:height\" content=\"1599\" \/>\n\t<meta property=\"og:image:type\" content=\"image\/png\" \/>\n<meta name=\"author\" content=\"esolvo\" \/>\n<meta name=\"twitter:card\" content=\"summary_large_image\" \/>\n<meta name=\"twitter:label1\" content=\"Escrito por\" \/>\n\t<meta name=\"twitter:data1\" content=\"esolvo\" \/>\n\t<meta name=\"twitter:label2\" content=\"Tiempo de lectura\" \/>\n\t<meta name=\"twitter:data2\" content=\"2 minutos\" \/>\n<script type=\"application\/ld+json\" class=\"yoast-schema-graph\">{\"@context\":\"https:\\\/\\\/schema.org\",\"@graph\":[{\"@type\":\"Article\",\"@id\":\"https:\\\/\\\/blablavins.es\\\/es\\\/salchichon-de-bellota-iberico\\\/#article\",\"isPartOf\":{\"@id\":\"https:\\\/\\\/blablavins.es\\\/es\\\/salchichon-de-bellota-iberico\\\/\"},\"author\":{\"name\":\"esolvo\",\"@id\":\"https:\\\/\\\/blablavins.es\\\/es\\\/#\\\/schema\\\/person\\\/d16bdb0917b0f0d4f3953e5d35e92a9a\"},\"headline\":\"Salchich\u00f3n de bellota ib\u00e9rico\",\"datePublished\":\"2025-03-30T07:50:16+00:00\",\"dateModified\":\"2025-04-25T12:51:13+00:00\",\"mainEntityOfPage\":{\"@id\":\"https:\\\/\\\/blablavins.es\\\/es\\\/salchichon-de-bellota-iberico\\\/\"},\"wordCount\":311,\"image\":{\"@id\":\"https:\\\/\\\/blablavins.es\\\/es\\\/salchichon-de-bellota-iberico\\\/#primaryimage\"},\"thumbnailUrl\":\"https:\\\/\\\/blablavins.es\\\/wp-content\\\/uploads\\\/2025\\\/03\\\/SALCHICHON.png\",\"keywords\":[\"Embutidos\"],\"articleSection\":[\"Jamones\"],\"inLanguage\":\"es\"},{\"@type\":\"WebPage\",\"@id\":\"https:\\\/\\\/blablavins.es\\\/es\\\/salchichon-de-bellota-iberico\\\/\",\"url\":\"https:\\\/\\\/blablavins.es\\\/es\\\/salchichon-de-bellota-iberico\\\/\",\"name\":\"Salchich\u00f3n de bellota ib\u00e9rico - Distribu\u00efdor de vins a Palafolls - Barcelona- blablavins.es\",\"isPartOf\":{\"@id\":\"https:\\\/\\\/blablavins.es\\\/es\\\/#website\"},\"primaryImageOfPage\":{\"@id\":\"https:\\\/\\\/blablavins.es\\\/es\\\/salchichon-de-bellota-iberico\\\/#primaryimage\"},\"image\":{\"@id\":\"https:\\\/\\\/blablavins.es\\\/es\\\/salchichon-de-bellota-iberico\\\/#primaryimage\"},\"thumbnailUrl\":\"https:\\\/\\\/blablavins.es\\\/wp-content\\\/uploads\\\/2025\\\/03\\\/SALCHICHON.png\",\"datePublished\":\"2025-03-30T07:50:16+00:00\",\"dateModified\":\"2025-04-25T12:51:13+00:00\",\"author\":{\"@id\":\"https:\\\/\\\/blablavins.es\\\/es\\\/#\\\/schema\\\/person\\\/d16bdb0917b0f0d4f3953e5d35e92a9a\"},\"breadcrumb\":{\"@id\":\"https:\\\/\\\/blablavins.es\\\/es\\\/salchichon-de-bellota-iberico\\\/#breadcrumb\"},\"inLanguage\":\"es\",\"potentialAction\":[{\"@type\":\"ReadAction\",\"target\":[\"https:\\\/\\\/blablavins.es\\\/es\\\/salchichon-de-bellota-iberico\\\/\"]}]},{\"@type\":\"ImageObject\",\"inLanguage\":\"es\",\"@id\":\"https:\\\/\\\/blablavins.es\\\/es\\\/salchichon-de-bellota-iberico\\\/#primaryimage\",\"url\":\"https:\\\/\\\/blablavins.es\\\/wp-content\\\/uploads\\\/2025\\\/03\\\/SALCHICHON.png\",\"contentUrl\":\"https:\\\/\\\/blablavins.es\\\/wp-content\\\/uploads\\\/2025\\\/03\\\/SALCHICHON.png\",\"width\":1067,\"height\":1599},{\"@type\":\"BreadcrumbList\",\"@id\":\"https:\\\/\\\/blablavins.es\\\/es\\\/salchichon-de-bellota-iberico\\\/#breadcrumb\",\"itemListElement\":[{\"@type\":\"ListItem\",\"position\":1,\"name\":\"Portada\",\"item\":\"https:\\\/\\\/blablavins.es\\\/es\\\/\"},{\"@type\":\"ListItem\",\"position\":2,\"name\":\"Salchich\u00f3n de bellota ib\u00e9rico\"}]},{\"@type\":\"WebSite\",\"@id\":\"https:\\\/\\\/blablavins.es\\\/es\\\/#website\",\"url\":\"https:\\\/\\\/blablavins.es\\\/es\\\/\",\"name\":\"Distribu\u00efdor de vins a Palafolls - Barcelona- blablavins.es\",\"description\":\"Productos selectos con un servicio \u00fanico\",\"potentialAction\":[{\"@type\":\"SearchAction\",\"target\":{\"@type\":\"EntryPoint\",\"urlTemplate\":\"https:\\\/\\\/blablavins.es\\\/es\\\/?s={search_term_string}\"},\"query-input\":{\"@type\":\"PropertyValueSpecification\",\"valueRequired\":true,\"valueName\":\"search_term_string\"}}],\"inLanguage\":\"es\"},{\"@type\":\"Person\",\"@id\":\"https:\\\/\\\/blablavins.es\\\/es\\\/#\\\/schema\\\/person\\\/d16bdb0917b0f0d4f3953e5d35e92a9a\",\"name\":\"esolvo\",\"image\":{\"@type\":\"ImageObject\",\"inLanguage\":\"es\",\"@id\":\"https:\\\/\\\/secure.gravatar.com\\\/avatar\\\/c85b49c4b2122249d9de29134a9d97031cfe65af0902c8adf1041ee698f42831?s=96&d=mm&r=g\",\"url\":\"https:\\\/\\\/secure.gravatar.com\\\/avatar\\\/c85b49c4b2122249d9de29134a9d97031cfe65af0902c8adf1041ee698f42831?s=96&d=mm&r=g\",\"contentUrl\":\"https:\\\/\\\/secure.gravatar.com\\\/avatar\\\/c85b49c4b2122249d9de29134a9d97031cfe65af0902c8adf1041ee698f42831?s=96&d=mm&r=g\",\"caption\":\"esolvo\"},\"url\":\"https:\\\/\\\/blablavins.es\\\/es\\\/author\\\/esolvo\\\/\"}]}<\/script>\n<!-- \/ Yoast SEO plugin. -->","yoast_head_json":{"title":"Salchich\u00f3n de bellota ib\u00e9rico - Distribu\u00efdor de vins a Palafolls - Barcelona- blablavins.es","robots":{"index":"index","follow":"follow","max-snippet":"max-snippet:-1","max-image-preview":"max-image-preview:large","max-video-preview":"max-video-preview:-1"},"canonical":"https:\/\/blablavins.es\/es\/salchichon-de-bellota-iberico\/","og_locale":"es_ES","og_type":"article","og_title":"Salchich\u00f3n de bellota ib\u00e9rico - Distribu\u00efdor de vins a Palafolls - Barcelona- blablavins.es","og_description":"DENOMINACI\u00d3N: Producto c\u00e1rnico procesado a partir de magro de cerdo de bellota ib\u00e9rico, alimentaci\u00f3n bellota, picado, adobado y embutido en tripa natural. Curado y secante en secadores especiales para ello y secadores naturales. CLASIFICACI\u00d3N DEL PRODUCTO FINAL seg\u00fan la industria: Salchich\u00f3n de bellota ib\u00e9rico curadoMarca comercial: HIJOS DE ATILANO GONZALEZ GOMEZ, S.L. COMPOSICI\u00d3N (ingredientes): PRESENTACI\u00d3N [&hellip;]","og_url":"https:\/\/blablavins.es\/es\/salchichon-de-bellota-iberico\/","og_site_name":"Distribu\u00efdor de vins a Palafolls - Barcelona- blablavins.es","article_published_time":"2025-03-30T07:50:16+00:00","article_modified_time":"2025-04-25T12:51:13+00:00","og_image":[{"width":1067,"height":1599,"url":"https:\/\/blablavins.es\/wp-content\/uploads\/2025\/03\/SALCHICHON.png","type":"image\/png"}],"author":"esolvo","twitter_card":"summary_large_image","twitter_misc":{"Escrito por":"esolvo","Tiempo de lectura":"2 minutos"},"schema":{"@context":"https:\/\/schema.org","@graph":[{"@type":"Article","@id":"https:\/\/blablavins.es\/es\/salchichon-de-bellota-iberico\/#article","isPartOf":{"@id":"https:\/\/blablavins.es\/es\/salchichon-de-bellota-iberico\/"},"author":{"name":"esolvo","@id":"https:\/\/blablavins.es\/es\/#\/schema\/person\/d16bdb0917b0f0d4f3953e5d35e92a9a"},"headline":"Salchich\u00f3n de bellota ib\u00e9rico","datePublished":"2025-03-30T07:50:16+00:00","dateModified":"2025-04-25T12:51:13+00:00","mainEntityOfPage":{"@id":"https:\/\/blablavins.es\/es\/salchichon-de-bellota-iberico\/"},"wordCount":311,"image":{"@id":"https:\/\/blablavins.es\/es\/salchichon-de-bellota-iberico\/#primaryimage"},"thumbnailUrl":"https:\/\/blablavins.es\/wp-content\/uploads\/2025\/03\/SALCHICHON.png","keywords":["Embutidos"],"articleSection":["Jamones"],"inLanguage":"es"},{"@type":"WebPage","@id":"https:\/\/blablavins.es\/es\/salchichon-de-bellota-iberico\/","url":"https:\/\/blablavins.es\/es\/salchichon-de-bellota-iberico\/","name":"Salchich\u00f3n de bellota ib\u00e9rico - Distribu\u00efdor de vins a Palafolls - Barcelona- blablavins.es","isPartOf":{"@id":"https:\/\/blablavins.es\/es\/#website"},"primaryImageOfPage":{"@id":"https:\/\/blablavins.es\/es\/salchichon-de-bellota-iberico\/#primaryimage"},"image":{"@id":"https:\/\/blablavins.es\/es\/salchichon-de-bellota-iberico\/#primaryimage"},"thumbnailUrl":"https:\/\/blablavins.es\/wp-content\/uploads\/2025\/03\/SALCHICHON.png","datePublished":"2025-03-30T07:50:16+00:00","dateModified":"2025-04-25T12:51:13+00:00","author":{"@id":"https:\/\/blablavins.es\/es\/#\/schema\/person\/d16bdb0917b0f0d4f3953e5d35e92a9a"},"breadcrumb":{"@id":"https:\/\/blablavins.es\/es\/salchichon-de-bellota-iberico\/#breadcrumb"},"inLanguage":"es","potentialAction":[{"@type":"ReadAction","target":["https:\/\/blablavins.es\/es\/salchichon-de-bellota-iberico\/"]}]},{"@type":"ImageObject","inLanguage":"es","@id":"https:\/\/blablavins.es\/es\/salchichon-de-bellota-iberico\/#primaryimage","url":"https:\/\/blablavins.es\/wp-content\/uploads\/2025\/03\/SALCHICHON.png","contentUrl":"https:\/\/blablavins.es\/wp-content\/uploads\/2025\/03\/SALCHICHON.png","width":1067,"height":1599},{"@type":"BreadcrumbList","@id":"https:\/\/blablavins.es\/es\/salchichon-de-bellota-iberico\/#breadcrumb","itemListElement":[{"@type":"ListItem","position":1,"name":"Portada","item":"https:\/\/blablavins.es\/es\/"},{"@type":"ListItem","position":2,"name":"Salchich\u00f3n de bellota ib\u00e9rico"}]},{"@type":"WebSite","@id":"https:\/\/blablavins.es\/es\/#website","url":"https:\/\/blablavins.es\/es\/","name":"Distribu\u00efdor de vins a Palafolls - Barcelona- blablavins.es","description":"Productos selectos con un servicio \u00fanico","potentialAction":[{"@type":"SearchAction","target":{"@type":"EntryPoint","urlTemplate":"https:\/\/blablavins.es\/es\/?s={search_term_string}"},"query-input":{"@type":"PropertyValueSpecification","valueRequired":true,"valueName":"search_term_string"}}],"inLanguage":"es"},{"@type":"Person","@id":"https:\/\/blablavins.es\/es\/#\/schema\/person\/d16bdb0917b0f0d4f3953e5d35e92a9a","name":"esolvo","image":{"@type":"ImageObject","inLanguage":"es","@id":"https:\/\/secure.gravatar.com\/avatar\/c85b49c4b2122249d9de29134a9d97031cfe65af0902c8adf1041ee698f42831?s=96&d=mm&r=g","url":"https:\/\/secure.gravatar.com\/avatar\/c85b49c4b2122249d9de29134a9d97031cfe65af0902c8adf1041ee698f42831?s=96&d=mm&r=g","contentUrl":"https:\/\/secure.gravatar.com\/avatar\/c85b49c4b2122249d9de29134a9d97031cfe65af0902c8adf1041ee698f42831?s=96&d=mm&r=g","caption":"esolvo"},"url":"https:\/\/blablavins.es\/es\/author\/esolvo\/"}]}},"_links":{"self":[{"href":"https:\/\/blablavins.es\/es\/wp-json\/wp\/v2\/posts\/2420","targetHints":{"allow":["GET"]}}],"collection":[{"href":"https:\/\/blablavins.es\/es\/wp-json\/wp\/v2\/posts"}],"about":[{"href":"https:\/\/blablavins.es\/es\/wp-json\/wp\/v2\/types\/post"}],"author":[{"embeddable":true,"href":"https:\/\/blablavins.es\/es\/wp-json\/wp\/v2\/users\/2"}],"replies":[{"embeddable":true,"href":"https:\/\/blablavins.es\/es\/wp-json\/wp\/v2\/comments?post=2420"}],"version-history":[{"count":1,"href":"https:\/\/blablavins.es\/es\/wp-json\/wp\/v2\/posts\/2420\/revisions"}],"predecessor-version":[{"id":2421,"href":"https:\/\/blablavins.es\/es\/wp-json\/wp\/v2\/posts\/2420\/revisions\/2421"}],"wp:featuredmedia":[{"embeddable":true,"href":"https:\/\/blablavins.es\/es\/wp-json\/wp\/v2\/media\/1495"}],"wp:attachment":[{"href":"https:\/\/blablavins.es\/es\/wp-json\/wp\/v2\/media?parent=2420"}],"wp:term":[{"taxonomy":"category","embeddable":true,"href":"https:\/\/blablavins.es\/es\/wp-json\/wp\/v2\/categories?post=2420"},{"taxonomy":"post_tag","embeddable":true,"href":"https:\/\/blablavins.es\/es\/wp-json\/wp\/v2\/tags?post=2420"},{"taxonomy":"categoria-vins","embeddable":true,"href":"https:\/\/blablavins.es\/es\/wp-json\/wp\/v2\/categoria-vins?post=2420"}],"curies":[{"name":"wp","href":"https:\/\/api.w.org\/{rel}","templated":true}]}}