{"id":2524,"date":"2025-04-17T11:45:37","date_gmt":"2025-04-17T09:45:37","guid":{"rendered":"https:\/\/blablavins.es\/cava-brut-reserva-ecologic\/"},"modified":"2026-04-17T12:42:23","modified_gmt":"2026-04-17T10:42:23","slug":"cava-brut-reserva-ecologic","status":"publish","type":"post","link":"https:\/\/blablavins.es\/es\/cava-brut-reserva-ecologic\/","title":{"rendered":"Cava Brut Reserva Ecol\u00f2gic"},"content":{"rendered":"\n<p><strong>TIPO<br\/><\/strong>Reserva Ecol\u00f3gico<\/p>\n\n<p><strong>A\u00d1ADA<\/strong><br\/>2021<\/p>\n\n<p><strong>VARIEDADES<br\/><\/strong>36% Macabeo, 36% Xarel\u00b7lo, 28% Parellada<\/p>\n\n<p><strong>TIPO DE CAVA<br\/><\/strong>Guarda Superior<\/p>\n\n<p><strong>VENDIMIA<br\/><\/strong>Vendimia separada de las tres variedades: el Macabeo a finales de agosto y el Xarel\u00b7lo y la Parellada en septiembre. Posteriormente se vinificaron y se realiz\u00f3 el coupage para obtener un vino base cava estructurado y equilibrado, ideal para un cava fino y elegante. <\/p>\n\n<p><strong>CRIANZA<br\/><\/strong>Segunda fermentaci\u00f3n en botella con una crianza de m\u00e1s de 18 meses en la cava, a temperatura constante de 16\u00baC. Este proceso aporta elegancia, estructura, frescura y una acidez equilibrada al cava. Las botellas se removieron y aclararon manualmente en pupitres antes del deg\u00fcelle.  <\/p>\n\n<p><strong>DATOS T\u00c9CNICOS<br\/><\/strong>Graduaci\u00f3n alcoh\u00f3lica: 11,5% vol.<br\/>Az\u00facar residual: 4,5 g\/L<br\/>Anh\u00eddrido sulfuroso total: 57 mg\/L<br\/>Acidez total: 5,96 g\/L (\u00e1cido tart\u00e1rico)<br\/>pH: 2,98<br\/>Tiraje: marzo 2022<\/p>\n\n<p><strong>NOTA DE CATA<\/strong><br\/><strong>Vista<\/strong>: Color amarillo con reflejos verdosos, n\u00edtido y limpio. Burbuja peque\u00f1a y fina, formando un rosario y corona constantes. <br\/><strong>Aroma<\/strong>: Aromas de fruta blanca como manzana y pera con toques florales, combinados con notas dulces de la crianza y un fondo de frescura c\u00edtrica.<br\/><strong>Boca<\/strong>: Entrada suave y agradable, burbuja fina, volumen en boca, sensaci\u00f3n de fruta blanca y un postgusto largo y agradable.<\/p>\n\n<p><strong>MARIDAJE<br\/><\/strong>Ideal para carnes blancas, comidas a la brasa, pescados, embutidos y carpaccio. Tambi\u00e9n apto para todo tipo de postres. <\/p>\n\n<p><strong>OTROS<br\/><\/strong>Contiene sulfitos.<\/p>\n\n<p><\/p>\n","protected":false},"excerpt":{"rendered":"<p>TIPOReserva Ecol\u00f3gico A\u00d1ADA2021 VARIEDADES36% Macabeo, 36% Xarel\u00b7lo, 28% Parellada TIPO DE CAVAGuarda Superior VENDIMIAVendimia separada de las tres variedades: el Macabeo a finales de agosto y el Xarel\u00b7lo y la Parellada en septiembre. Posteriormente se vinificaron y se realiz\u00f3 el coupage para obtener un vino base cava estructurado y equilibrado, ideal para un cava fino [&hellip;]<\/p>\n","protected":false},"author":2,"featured_media":2520,"comment_status":"closed","ping_status":"closed","sticky":false,"template":"","format":"standard","meta":{"_joinchat":[],"footnotes":""},"categories":[85],"tags":[],"categoria-vins":[105],"class_list":["post-2524","post","type-post","status-publish","format-standard","has-post-thumbnail","hentry","category-vinos","categoria-vins-cavas-el-mas-ferrer-do-penedes"],"yoast_head":"<!-- This site is optimized with the Yoast SEO plugin v27.6 - https:\/\/yoast.com\/product\/yoast-seo-wordpress\/ -->\n<title>Cava Brut Reserva Ecol\u00f2gic - Distribu\u00efdor de vins a Palafolls - Barcelona- blablavins.es<\/title>\n<meta name=\"description\" content=\"Cava Brut Reserva Ecol\u00f3gico 2021. Elegante y fresco, con m\u00e1s de 18 meses de crianza y aromas de fruta blanca, notas florales y un toque c\u00edtrico.\" \/>\n<meta name=\"robots\" content=\"index, follow, max-snippet:-1, max-image-preview:large, max-video-preview:-1\" \/>\n<link rel=\"canonical\" href=\"https:\/\/blablavins.es\/es\/cava-brut-reserva-ecologic\/\" \/>\n<meta property=\"og:locale\" content=\"es_ES\" \/>\n<meta property=\"og:type\" content=\"article\" \/>\n<meta property=\"og:title\" content=\"Cava Brut Reserva Ecol\u00f2gic - Distribu\u00efdor de vins a Palafolls - Barcelona- blablavins.es\" \/>\n<meta property=\"og:description\" content=\"Cava Brut Reserva Ecol\u00f3gico 2021. Elegante y fresco, con m\u00e1s de 18 meses de crianza y aromas de fruta blanca, notas florales y un toque c\u00edtrico.\" \/>\n<meta property=\"og:url\" content=\"https:\/\/blablavins.es\/es\/cava-brut-reserva-ecologic\/\" \/>\n<meta property=\"og:site_name\" content=\"Distribu\u00efdor de vins a Palafolls - Barcelona- blablavins.es\" \/>\n<meta property=\"article:published_time\" content=\"2025-04-17T09:45:37+00:00\" \/>\n<meta property=\"article:modified_time\" content=\"2026-04-17T10:42:23+00:00\" \/>\n<meta property=\"og:image\" content=\"https:\/\/blablavins.es\/wp-content\/uploads\/2025\/04\/cava-brut-reserva-ecologic.png\" \/>\n\t<meta property=\"og:image:width\" content=\"584\" \/>\n\t<meta property=\"og:image:height\" content=\"1663\" \/>\n\t<meta property=\"og:image:type\" content=\"image\/png\" \/>\n<meta name=\"author\" content=\"esolvo\" \/>\n<meta name=\"twitter:card\" content=\"summary_large_image\" \/>\n<meta name=\"twitter:label1\" content=\"Escrito por\" \/>\n\t<meta name=\"twitter:data1\" content=\"esolvo\" \/>\n\t<meta name=\"twitter:label2\" content=\"Tiempo de lectura\" \/>\n\t<meta name=\"twitter:data2\" content=\"1 minuto\" \/>\n<script type=\"application\/ld+json\" class=\"yoast-schema-graph\">{\"@context\":\"https:\\\/\\\/schema.org\",\"@graph\":[{\"@type\":\"Article\",\"@id\":\"https:\\\/\\\/blablavins.es\\\/es\\\/cava-brut-reserva-ecologic\\\/#article\",\"isPartOf\":{\"@id\":\"https:\\\/\\\/blablavins.es\\\/es\\\/cava-brut-reserva-ecologic\\\/\"},\"author\":{\"name\":\"esolvo\",\"@id\":\"https:\\\/\\\/blablavins.es\\\/es\\\/#\\\/schema\\\/person\\\/d16bdb0917b0f0d4f3953e5d35e92a9a\"},\"headline\":\"Cava Brut Reserva Ecol\u00f2gic\",\"datePublished\":\"2025-04-17T09:45:37+00:00\",\"dateModified\":\"2026-04-17T10:42:23+00:00\",\"mainEntityOfPage\":{\"@id\":\"https:\\\/\\\/blablavins.es\\\/es\\\/cava-brut-reserva-ecologic\\\/\"},\"wordCount\":236,\"image\":{\"@id\":\"https:\\\/\\\/blablavins.es\\\/es\\\/cava-brut-reserva-ecologic\\\/#primaryimage\"},\"thumbnailUrl\":\"https:\\\/\\\/blablavins.es\\\/wp-content\\\/uploads\\\/2025\\\/04\\\/cava-brut-reserva-ecologic.png\",\"articleSection\":[\"Vinos\"],\"inLanguage\":\"es\"},{\"@type\":\"WebPage\",\"@id\":\"https:\\\/\\\/blablavins.es\\\/es\\\/cava-brut-reserva-ecologic\\\/\",\"url\":\"https:\\\/\\\/blablavins.es\\\/es\\\/cava-brut-reserva-ecologic\\\/\",\"name\":\"Cava Brut Reserva Ecol\u00f2gic - Distribu\u00efdor de vins a Palafolls - Barcelona- blablavins.es\",\"isPartOf\":{\"@id\":\"https:\\\/\\\/blablavins.es\\\/es\\\/#website\"},\"primaryImageOfPage\":{\"@id\":\"https:\\\/\\\/blablavins.es\\\/es\\\/cava-brut-reserva-ecologic\\\/#primaryimage\"},\"image\":{\"@id\":\"https:\\\/\\\/blablavins.es\\\/es\\\/cava-brut-reserva-ecologic\\\/#primaryimage\"},\"thumbnailUrl\":\"https:\\\/\\\/blablavins.es\\\/wp-content\\\/uploads\\\/2025\\\/04\\\/cava-brut-reserva-ecologic.png\",\"datePublished\":\"2025-04-17T09:45:37+00:00\",\"dateModified\":\"2026-04-17T10:42:23+00:00\",\"author\":{\"@id\":\"https:\\\/\\\/blablavins.es\\\/es\\\/#\\\/schema\\\/person\\\/d16bdb0917b0f0d4f3953e5d35e92a9a\"},\"description\":\"Cava Brut Reserva Ecol\u00f3gico 2021. Elegante y fresco, con m\u00e1s de 18 meses de crianza y aromas de fruta blanca, notas florales y un toque c\u00edtrico.\",\"breadcrumb\":{\"@id\":\"https:\\\/\\\/blablavins.es\\\/es\\\/cava-brut-reserva-ecologic\\\/#breadcrumb\"},\"inLanguage\":\"es\",\"potentialAction\":[{\"@type\":\"ReadAction\",\"target\":[\"https:\\\/\\\/blablavins.es\\\/es\\\/cava-brut-reserva-ecologic\\\/\"]}]},{\"@type\":\"ImageObject\",\"inLanguage\":\"es\",\"@id\":\"https:\\\/\\\/blablavins.es\\\/es\\\/cava-brut-reserva-ecologic\\\/#primaryimage\",\"url\":\"https:\\\/\\\/blablavins.es\\\/wp-content\\\/uploads\\\/2025\\\/04\\\/cava-brut-reserva-ecologic.png\",\"contentUrl\":\"https:\\\/\\\/blablavins.es\\\/wp-content\\\/uploads\\\/2025\\\/04\\\/cava-brut-reserva-ecologic.png\",\"width\":584,\"height\":1663},{\"@type\":\"BreadcrumbList\",\"@id\":\"https:\\\/\\\/blablavins.es\\\/es\\\/cava-brut-reserva-ecologic\\\/#breadcrumb\",\"itemListElement\":[{\"@type\":\"ListItem\",\"position\":1,\"name\":\"Portada\",\"item\":\"https:\\\/\\\/blablavins.es\\\/es\\\/\"},{\"@type\":\"ListItem\",\"position\":2,\"name\":\"Cava Brut Reserva Ecol\u00f2gic\"}]},{\"@type\":\"WebSite\",\"@id\":\"https:\\\/\\\/blablavins.es\\\/es\\\/#website\",\"url\":\"https:\\\/\\\/blablavins.es\\\/es\\\/\",\"name\":\"Distribu\u00efdor de vins a Palafolls - Barcelona- blablavins.es\",\"description\":\"Productos selectos con un servicio \u00fanico\",\"potentialAction\":[{\"@type\":\"SearchAction\",\"target\":{\"@type\":\"EntryPoint\",\"urlTemplate\":\"https:\\\/\\\/blablavins.es\\\/es\\\/?s={search_term_string}\"},\"query-input\":{\"@type\":\"PropertyValueSpecification\",\"valueRequired\":true,\"valueName\":\"search_term_string\"}}],\"inLanguage\":\"es\"},{\"@type\":\"Person\",\"@id\":\"https:\\\/\\\/blablavins.es\\\/es\\\/#\\\/schema\\\/person\\\/d16bdb0917b0f0d4f3953e5d35e92a9a\",\"name\":\"esolvo\",\"image\":{\"@type\":\"ImageObject\",\"inLanguage\":\"es\",\"@id\":\"https:\\\/\\\/secure.gravatar.com\\\/avatar\\\/c85b49c4b2122249d9de29134a9d97031cfe65af0902c8adf1041ee698f42831?s=96&d=mm&r=g\",\"url\":\"https:\\\/\\\/secure.gravatar.com\\\/avatar\\\/c85b49c4b2122249d9de29134a9d97031cfe65af0902c8adf1041ee698f42831?s=96&d=mm&r=g\",\"contentUrl\":\"https:\\\/\\\/secure.gravatar.com\\\/avatar\\\/c85b49c4b2122249d9de29134a9d97031cfe65af0902c8adf1041ee698f42831?s=96&d=mm&r=g\",\"caption\":\"esolvo\"},\"url\":\"https:\\\/\\\/blablavins.es\\\/es\\\/author\\\/esolvo\\\/\"}]}<\/script>\n<!-- \/ Yoast SEO plugin. -->","yoast_head_json":{"title":"Cava Brut Reserva Ecol\u00f2gic - Distribu\u00efdor de vins a Palafolls - Barcelona- blablavins.es","description":"Cava Brut Reserva Ecol\u00f3gico 2021. Elegante y fresco, con m\u00e1s de 18 meses de crianza y aromas de fruta blanca, notas florales y un toque c\u00edtrico.","robots":{"index":"index","follow":"follow","max-snippet":"max-snippet:-1","max-image-preview":"max-image-preview:large","max-video-preview":"max-video-preview:-1"},"canonical":"https:\/\/blablavins.es\/es\/cava-brut-reserva-ecologic\/","og_locale":"es_ES","og_type":"article","og_title":"Cava Brut Reserva Ecol\u00f2gic - Distribu\u00efdor de vins a Palafolls - Barcelona- blablavins.es","og_description":"Cava Brut Reserva Ecol\u00f3gico 2021. Elegante y fresco, con m\u00e1s de 18 meses de crianza y aromas de fruta blanca, notas florales y un toque c\u00edtrico.","og_url":"https:\/\/blablavins.es\/es\/cava-brut-reserva-ecologic\/","og_site_name":"Distribu\u00efdor de vins a Palafolls - Barcelona- blablavins.es","article_published_time":"2025-04-17T09:45:37+00:00","article_modified_time":"2026-04-17T10:42:23+00:00","og_image":[{"width":584,"height":1663,"url":"https:\/\/blablavins.es\/wp-content\/uploads\/2025\/04\/cava-brut-reserva-ecologic.png","type":"image\/png"}],"author":"esolvo","twitter_card":"summary_large_image","twitter_misc":{"Escrito por":"esolvo","Tiempo de lectura":"1 minuto"},"schema":{"@context":"https:\/\/schema.org","@graph":[{"@type":"Article","@id":"https:\/\/blablavins.es\/es\/cava-brut-reserva-ecologic\/#article","isPartOf":{"@id":"https:\/\/blablavins.es\/es\/cava-brut-reserva-ecologic\/"},"author":{"name":"esolvo","@id":"https:\/\/blablavins.es\/es\/#\/schema\/person\/d16bdb0917b0f0d4f3953e5d35e92a9a"},"headline":"Cava Brut Reserva Ecol\u00f2gic","datePublished":"2025-04-17T09:45:37+00:00","dateModified":"2026-04-17T10:42:23+00:00","mainEntityOfPage":{"@id":"https:\/\/blablavins.es\/es\/cava-brut-reserva-ecologic\/"},"wordCount":236,"image":{"@id":"https:\/\/blablavins.es\/es\/cava-brut-reserva-ecologic\/#primaryimage"},"thumbnailUrl":"https:\/\/blablavins.es\/wp-content\/uploads\/2025\/04\/cava-brut-reserva-ecologic.png","articleSection":["Vinos"],"inLanguage":"es"},{"@type":"WebPage","@id":"https:\/\/blablavins.es\/es\/cava-brut-reserva-ecologic\/","url":"https:\/\/blablavins.es\/es\/cava-brut-reserva-ecologic\/","name":"Cava Brut Reserva Ecol\u00f2gic - Distribu\u00efdor de vins a Palafolls - Barcelona- blablavins.es","isPartOf":{"@id":"https:\/\/blablavins.es\/es\/#website"},"primaryImageOfPage":{"@id":"https:\/\/blablavins.es\/es\/cava-brut-reserva-ecologic\/#primaryimage"},"image":{"@id":"https:\/\/blablavins.es\/es\/cava-brut-reserva-ecologic\/#primaryimage"},"thumbnailUrl":"https:\/\/blablavins.es\/wp-content\/uploads\/2025\/04\/cava-brut-reserva-ecologic.png","datePublished":"2025-04-17T09:45:37+00:00","dateModified":"2026-04-17T10:42:23+00:00","author":{"@id":"https:\/\/blablavins.es\/es\/#\/schema\/person\/d16bdb0917b0f0d4f3953e5d35e92a9a"},"description":"Cava Brut Reserva Ecol\u00f3gico 2021. Elegante y fresco, con m\u00e1s de 18 meses de crianza y aromas de fruta blanca, notas florales y un toque c\u00edtrico.","breadcrumb":{"@id":"https:\/\/blablavins.es\/es\/cava-brut-reserva-ecologic\/#breadcrumb"},"inLanguage":"es","potentialAction":[{"@type":"ReadAction","target":["https:\/\/blablavins.es\/es\/cava-brut-reserva-ecologic\/"]}]},{"@type":"ImageObject","inLanguage":"es","@id":"https:\/\/blablavins.es\/es\/cava-brut-reserva-ecologic\/#primaryimage","url":"https:\/\/blablavins.es\/wp-content\/uploads\/2025\/04\/cava-brut-reserva-ecologic.png","contentUrl":"https:\/\/blablavins.es\/wp-content\/uploads\/2025\/04\/cava-brut-reserva-ecologic.png","width":584,"height":1663},{"@type":"BreadcrumbList","@id":"https:\/\/blablavins.es\/es\/cava-brut-reserva-ecologic\/#breadcrumb","itemListElement":[{"@type":"ListItem","position":1,"name":"Portada","item":"https:\/\/blablavins.es\/es\/"},{"@type":"ListItem","position":2,"name":"Cava Brut Reserva Ecol\u00f2gic"}]},{"@type":"WebSite","@id":"https:\/\/blablavins.es\/es\/#website","url":"https:\/\/blablavins.es\/es\/","name":"Distribu\u00efdor de vins a Palafolls - Barcelona- blablavins.es","description":"Productos selectos con un servicio \u00fanico","potentialAction":[{"@type":"SearchAction","target":{"@type":"EntryPoint","urlTemplate":"https:\/\/blablavins.es\/es\/?s={search_term_string}"},"query-input":{"@type":"PropertyValueSpecification","valueRequired":true,"valueName":"search_term_string"}}],"inLanguage":"es"},{"@type":"Person","@id":"https:\/\/blablavins.es\/es\/#\/schema\/person\/d16bdb0917b0f0d4f3953e5d35e92a9a","name":"esolvo","image":{"@type":"ImageObject","inLanguage":"es","@id":"https:\/\/secure.gravatar.com\/avatar\/c85b49c4b2122249d9de29134a9d97031cfe65af0902c8adf1041ee698f42831?s=96&d=mm&r=g","url":"https:\/\/secure.gravatar.com\/avatar\/c85b49c4b2122249d9de29134a9d97031cfe65af0902c8adf1041ee698f42831?s=96&d=mm&r=g","contentUrl":"https:\/\/secure.gravatar.com\/avatar\/c85b49c4b2122249d9de29134a9d97031cfe65af0902c8adf1041ee698f42831?s=96&d=mm&r=g","caption":"esolvo"},"url":"https:\/\/blablavins.es\/es\/author\/esolvo\/"}]}},"_links":{"self":[{"href":"https:\/\/blablavins.es\/es\/wp-json\/wp\/v2\/posts\/2524","targetHints":{"allow":["GET"]}}],"collection":[{"href":"https:\/\/blablavins.es\/es\/wp-json\/wp\/v2\/posts"}],"about":[{"href":"https:\/\/blablavins.es\/es\/wp-json\/wp\/v2\/types\/post"}],"author":[{"embeddable":true,"href":"https:\/\/blablavins.es\/es\/wp-json\/wp\/v2\/users\/2"}],"replies":[{"embeddable":true,"href":"https:\/\/blablavins.es\/es\/wp-json\/wp\/v2\/comments?post=2524"}],"version-history":[{"count":1,"href":"https:\/\/blablavins.es\/es\/wp-json\/wp\/v2\/posts\/2524\/revisions"}],"predecessor-version":[{"id":2525,"href":"https:\/\/blablavins.es\/es\/wp-json\/wp\/v2\/posts\/2524\/revisions\/2525"}],"wp:featuredmedia":[{"embeddable":true,"href":"https:\/\/blablavins.es\/es\/wp-json\/wp\/v2\/media\/2520"}],"wp:attachment":[{"href":"https:\/\/blablavins.es\/es\/wp-json\/wp\/v2\/media?parent=2524"}],"wp:term":[{"taxonomy":"category","embeddable":true,"href":"https:\/\/blablavins.es\/es\/wp-json\/wp\/v2\/categories?post=2524"},{"taxonomy":"post_tag","embeddable":true,"href":"https:\/\/blablavins.es\/es\/wp-json\/wp\/v2\/tags?post=2524"},{"taxonomy":"categoria-vins","embeddable":true,"href":"https:\/\/blablavins.es\/es\/wp-json\/wp\/v2\/categoria-vins?post=2524"}],"curies":[{"name":"wp","href":"https:\/\/api.w.org\/{rel}","templated":true}]}}