{"id":2825,"date":"2025-03-13T08:03:22","date_gmt":"2025-03-13T07:03:22","guid":{"rendered":"https:\/\/blablavins.es\/fala-de-min-treixadura\/"},"modified":"2026-06-05T11:29:56","modified_gmt":"2026-06-05T09:29:56","slug":"fala-de-min-treixadura","status":"publish","type":"post","link":"https:\/\/blablavins.es\/es\/fala-de-min-treixadura\/","title":{"rendered":"Fala de Min Tre\u00edxadura"},"content":{"rendered":"\n<h4 class=\"wp-block-heading\">ADEGAS<\/h4>\n\n<p> <strong>VENDIMIA ARTESANAL<\/strong> realitzada segons la maduraci\u00f3 del ra\u00efm treixadura durant el mes de setembre de 2024 en la qual es seleccionen els ra\u00efms a la vinya situada a 90 metres d&#8217;altitud manualment.<\/p>\n\n<p><strong>ELABORACI\u00d3N<\/strong>: Pisado y presado en prensa neum\u00e1tica con baja presi\u00f3n en contacto con CO2.<\/p>\n\n<p><strong>VARIEDAD<\/strong>: Tre\u00edxadura 100%<\/p>\n\n<p><strong>CLIMA<\/strong>: Atl\u00e0ntic-Continental.<\/p>\n\n<p><strong>SITUACI\u00d3N DE LA VI\u00d1A<\/strong>: D.O. Ribeiro, Conca del Rio Avia, margen izquierdo del rio Avia a Sant Andreu de Ribadavia.<\/p>\n\n<p><strong>TIPO DE SUELO<\/strong>: Arcilloso.<\/p>\n\n<p><strong>CONTENIDO DE ALCOHOL<\/strong>: 12,5%<\/p>\n\n<p><strong>DESCORCHE<\/strong><\/p>\n\n<p>T\u00aa DE SERVICIO APROX<br\/>11\u00baC<\/p>\n\n<p><strong>NOTAS DE CATA<\/strong><\/p>\n\n<p>VISTA<br\/>Verde limon con tonos dorados, brillante.<\/p>\n\n<p>NARIZ<br\/>Toques minerales, donde resaltan aromas a frutas de<br\/>semillas (pera y manzana) madura.<\/p>\n\n<p>BOCA<br\/>Sabor mineral, a s\u00edlice con intenso sabor de frutas desemillas (pera, poma) madura.<\/p>\n\n<p><strong>CONCLUSIONES<\/strong><\/p>\n\n<p>Untuoso, Untuoso, salino y mineral con intensa estructura y cuerpo.<\/p>\n\n<p>Puntuado con 92 puntos Tim Atkim en 2026<\/p>\n\n<p><\/p>\n","protected":false},"excerpt":{"rendered":"<p>ADEGAS VENDIMIA ARTESANAL realitzada segons la maduraci\u00f3 del ra\u00efm treixadura durant el mes de setembre de 2024 en la qual es seleccionen els ra\u00efms a la vinya situada a 90 metres d&#8217;altitud manualment. ELABORACI\u00d3N: Pisado y presado en prensa neum\u00e1tica con baja presi\u00f3n en contacto con CO2. VARIEDAD: Tre\u00edxadura 100% CLIMA: Atl\u00e0ntic-Continental. SITUACI\u00d3N DE LA [&hellip;]<\/p>\n","protected":false},"author":3,"featured_media":2820,"comment_status":"closed","ping_status":"closed","sticky":false,"template":"","format":"standard","meta":{"_joinchat":[],"footnotes":""},"categories":[84,85],"tags":[],"categoria-vins":[97],"class_list":["post-2825","post","type-post","status-publish","format-standard","has-post-thumbnail","hentry","category-destacados","category-vinos","categoria-vins-bodegas-adegas-do-rexudir-es"],"yoast_head":"<!-- This site is optimized with the Yoast SEO plugin v27.6 - https:\/\/yoast.com\/product\/yoast-seo-wordpress\/ -->\n<title>Fala de Min Tre\u00edxadura - Distribu\u00efdor de vins a Palafolls - Barcelona- blablavins.es<\/title>\n<meta name=\"robots\" content=\"index, follow, max-snippet:-1, max-image-preview:large, max-video-preview:-1\" \/>\n<link rel=\"canonical\" href=\"https:\/\/blablavins.es\/es\/fala-de-min-treixadura\/\" \/>\n<meta property=\"og:locale\" content=\"es_ES\" \/>\n<meta property=\"og:type\" content=\"article\" \/>\n<meta property=\"og:title\" content=\"Fala de Min Tre\u00edxadura - Distribu\u00efdor de vins a Palafolls - Barcelona- blablavins.es\" \/>\n<meta property=\"og:description\" content=\"ADEGAS VENDIMIA ARTESANAL realitzada segons la maduraci\u00f3 del ra\u00efm treixadura durant el mes de setembre de 2024 en la qual es seleccionen els ra\u00efms a la vinya situada a 90 metres d&#8217;altitud manualment. ELABORACI\u00d3N: Pisado y presado en prensa neum\u00e1tica con baja presi\u00f3n en contacto con CO2. VARIEDAD: Tre\u00edxadura 100% CLIMA: Atl\u00e0ntic-Continental. SITUACI\u00d3N DE LA [&hellip;]\" \/>\n<meta property=\"og:url\" content=\"https:\/\/blablavins.es\/es\/fala-de-min-treixadura\/\" \/>\n<meta property=\"og:site_name\" content=\"Distribu\u00efdor de vins a Palafolls - Barcelona- blablavins.es\" \/>\n<meta property=\"article:published_time\" content=\"2025-03-13T07:03:22+00:00\" \/>\n<meta property=\"article:modified_time\" content=\"2026-06-05T09:29:56+00:00\" \/>\n<meta property=\"og:image\" content=\"https:\/\/blablavins.es\/wp-content\/uploads\/2025\/06\/Adegas-FALA-DE-MIN-TREIXADURA_page-0001.png\" \/>\n\t<meta property=\"og:image:width\" content=\"538\" \/>\n\t<meta property=\"og:image:height\" content=\"1794\" \/>\n\t<meta property=\"og:image:type\" content=\"image\/png\" \/>\n<meta name=\"author\" content=\"Blablavins\" \/>\n<meta name=\"twitter:card\" content=\"summary_large_image\" \/>\n<meta name=\"twitter:label1\" content=\"Escrito por\" \/>\n\t<meta name=\"twitter:data1\" content=\"Blablavins\" \/>\n\t<meta name=\"twitter:label2\" content=\"Tiempo de lectura\" \/>\n\t<meta name=\"twitter:data2\" content=\"1 minuto\" \/>\n<script type=\"application\/ld+json\" class=\"yoast-schema-graph\">{\"@context\":\"https:\\\/\\\/schema.org\",\"@graph\":[{\"@type\":\"Article\",\"@id\":\"https:\\\/\\\/blablavins.es\\\/es\\\/fala-de-min-treixadura\\\/#article\",\"isPartOf\":{\"@id\":\"https:\\\/\\\/blablavins.es\\\/es\\\/fala-de-min-treixadura\\\/\"},\"author\":{\"name\":\"Blablavins\",\"@id\":\"https:\\\/\\\/blablavins.es\\\/es\\\/#\\\/schema\\\/person\\\/0512ef61f5a60e55b8c8e3e4a98adf75\"},\"headline\":\"Fala de Min Tre\u00edxadura\",\"datePublished\":\"2025-03-13T07:03:22+00:00\",\"dateModified\":\"2026-06-05T09:29:56+00:00\",\"mainEntityOfPage\":{\"@id\":\"https:\\\/\\\/blablavins.es\\\/es\\\/fala-de-min-treixadura\\\/\"},\"wordCount\":150,\"image\":{\"@id\":\"https:\\\/\\\/blablavins.es\\\/es\\\/fala-de-min-treixadura\\\/#primaryimage\"},\"thumbnailUrl\":\"https:\\\/\\\/blablavins.es\\\/wp-content\\\/uploads\\\/2025\\\/06\\\/Adegas-FALA-DE-MIN-TREIXADURA_page-0001.png\",\"articleSection\":[\"Destacados\",\"Vinos\"],\"inLanguage\":\"es\"},{\"@type\":\"WebPage\",\"@id\":\"https:\\\/\\\/blablavins.es\\\/es\\\/fala-de-min-treixadura\\\/\",\"url\":\"https:\\\/\\\/blablavins.es\\\/es\\\/fala-de-min-treixadura\\\/\",\"name\":\"Fala de Min Tre\u00edxadura - Distribu\u00efdor de vins a Palafolls - Barcelona- blablavins.es\",\"isPartOf\":{\"@id\":\"https:\\\/\\\/blablavins.es\\\/es\\\/#website\"},\"primaryImageOfPage\":{\"@id\":\"https:\\\/\\\/blablavins.es\\\/es\\\/fala-de-min-treixadura\\\/#primaryimage\"},\"image\":{\"@id\":\"https:\\\/\\\/blablavins.es\\\/es\\\/fala-de-min-treixadura\\\/#primaryimage\"},\"thumbnailUrl\":\"https:\\\/\\\/blablavins.es\\\/wp-content\\\/uploads\\\/2025\\\/06\\\/Adegas-FALA-DE-MIN-TREIXADURA_page-0001.png\",\"datePublished\":\"2025-03-13T07:03:22+00:00\",\"dateModified\":\"2026-06-05T09:29:56+00:00\",\"author\":{\"@id\":\"https:\\\/\\\/blablavins.es\\\/es\\\/#\\\/schema\\\/person\\\/0512ef61f5a60e55b8c8e3e4a98adf75\"},\"breadcrumb\":{\"@id\":\"https:\\\/\\\/blablavins.es\\\/es\\\/fala-de-min-treixadura\\\/#breadcrumb\"},\"inLanguage\":\"es\",\"potentialAction\":[{\"@type\":\"ReadAction\",\"target\":[\"https:\\\/\\\/blablavins.es\\\/es\\\/fala-de-min-treixadura\\\/\"]}]},{\"@type\":\"ImageObject\",\"inLanguage\":\"es\",\"@id\":\"https:\\\/\\\/blablavins.es\\\/es\\\/fala-de-min-treixadura\\\/#primaryimage\",\"url\":\"https:\\\/\\\/blablavins.es\\\/wp-content\\\/uploads\\\/2025\\\/06\\\/Adegas-FALA-DE-MIN-TREIXADURA_page-0001.png\",\"contentUrl\":\"https:\\\/\\\/blablavins.es\\\/wp-content\\\/uploads\\\/2025\\\/06\\\/Adegas-FALA-DE-MIN-TREIXADURA_page-0001.png\",\"width\":538,\"height\":1794},{\"@type\":\"BreadcrumbList\",\"@id\":\"https:\\\/\\\/blablavins.es\\\/es\\\/fala-de-min-treixadura\\\/#breadcrumb\",\"itemListElement\":[{\"@type\":\"ListItem\",\"position\":1,\"name\":\"Portada\",\"item\":\"https:\\\/\\\/blablavins.es\\\/es\\\/\"},{\"@type\":\"ListItem\",\"position\":2,\"name\":\"Fala de Min Tre\u00edxadura\"}]},{\"@type\":\"WebSite\",\"@id\":\"https:\\\/\\\/blablavins.es\\\/es\\\/#website\",\"url\":\"https:\\\/\\\/blablavins.es\\\/es\\\/\",\"name\":\"Distribu\u00efdor de vins a Palafolls - Barcelona- blablavins.es\",\"description\":\"Productos selectos con un servicio \u00fanico\",\"potentialAction\":[{\"@type\":\"SearchAction\",\"target\":{\"@type\":\"EntryPoint\",\"urlTemplate\":\"https:\\\/\\\/blablavins.es\\\/es\\\/?s={search_term_string}\"},\"query-input\":{\"@type\":\"PropertyValueSpecification\",\"valueRequired\":true,\"valueName\":\"search_term_string\"}}],\"inLanguage\":\"es\"},{\"@type\":\"Person\",\"@id\":\"https:\\\/\\\/blablavins.es\\\/es\\\/#\\\/schema\\\/person\\\/0512ef61f5a60e55b8c8e3e4a98adf75\",\"name\":\"Blablavins\",\"image\":{\"@type\":\"ImageObject\",\"inLanguage\":\"es\",\"@id\":\"https:\\\/\\\/secure.gravatar.com\\\/avatar\\\/242b6c632fe4b2f3cf11ac9ae3a784b74b38d2bc1fb6337f45c1629fe37ba0c5?s=96&d=mm&r=g\",\"url\":\"https:\\\/\\\/secure.gravatar.com\\\/avatar\\\/242b6c632fe4b2f3cf11ac9ae3a784b74b38d2bc1fb6337f45c1629fe37ba0c5?s=96&d=mm&r=g\",\"contentUrl\":\"https:\\\/\\\/secure.gravatar.com\\\/avatar\\\/242b6c632fe4b2f3cf11ac9ae3a784b74b38d2bc1fb6337f45c1629fe37ba0c5?s=96&d=mm&r=g\",\"caption\":\"Blablavins\"},\"sameAs\":[\"https:\\\/\\\/blablavins.es\"],\"url\":\"https:\\\/\\\/blablavins.es\\\/es\\\/author\\\/blablavins\\\/\"}]}<\/script>\n<!-- \/ Yoast SEO plugin. -->","yoast_head_json":{"title":"Fala de Min Tre\u00edxadura - Distribu\u00efdor de vins a Palafolls - Barcelona- blablavins.es","robots":{"index":"index","follow":"follow","max-snippet":"max-snippet:-1","max-image-preview":"max-image-preview:large","max-video-preview":"max-video-preview:-1"},"canonical":"https:\/\/blablavins.es\/es\/fala-de-min-treixadura\/","og_locale":"es_ES","og_type":"article","og_title":"Fala de Min Tre\u00edxadura - Distribu\u00efdor de vins a Palafolls - Barcelona- blablavins.es","og_description":"ADEGAS VENDIMIA ARTESANAL realitzada segons la maduraci\u00f3 del ra\u00efm treixadura durant el mes de setembre de 2024 en la qual es seleccionen els ra\u00efms a la vinya situada a 90 metres d&#8217;altitud manualment. ELABORACI\u00d3N: Pisado y presado en prensa neum\u00e1tica con baja presi\u00f3n en contacto con CO2. VARIEDAD: Tre\u00edxadura 100% CLIMA: Atl\u00e0ntic-Continental. SITUACI\u00d3N DE LA [&hellip;]","og_url":"https:\/\/blablavins.es\/es\/fala-de-min-treixadura\/","og_site_name":"Distribu\u00efdor de vins a Palafolls - Barcelona- blablavins.es","article_published_time":"2025-03-13T07:03:22+00:00","article_modified_time":"2026-06-05T09:29:56+00:00","og_image":[{"width":538,"height":1794,"url":"https:\/\/blablavins.es\/wp-content\/uploads\/2025\/06\/Adegas-FALA-DE-MIN-TREIXADURA_page-0001.png","type":"image\/png"}],"author":"Blablavins","twitter_card":"summary_large_image","twitter_misc":{"Escrito por":"Blablavins","Tiempo de lectura":"1 minuto"},"schema":{"@context":"https:\/\/schema.org","@graph":[{"@type":"Article","@id":"https:\/\/blablavins.es\/es\/fala-de-min-treixadura\/#article","isPartOf":{"@id":"https:\/\/blablavins.es\/es\/fala-de-min-treixadura\/"},"author":{"name":"Blablavins","@id":"https:\/\/blablavins.es\/es\/#\/schema\/person\/0512ef61f5a60e55b8c8e3e4a98adf75"},"headline":"Fala de Min Tre\u00edxadura","datePublished":"2025-03-13T07:03:22+00:00","dateModified":"2026-06-05T09:29:56+00:00","mainEntityOfPage":{"@id":"https:\/\/blablavins.es\/es\/fala-de-min-treixadura\/"},"wordCount":150,"image":{"@id":"https:\/\/blablavins.es\/es\/fala-de-min-treixadura\/#primaryimage"},"thumbnailUrl":"https:\/\/blablavins.es\/wp-content\/uploads\/2025\/06\/Adegas-FALA-DE-MIN-TREIXADURA_page-0001.png","articleSection":["Destacados","Vinos"],"inLanguage":"es"},{"@type":"WebPage","@id":"https:\/\/blablavins.es\/es\/fala-de-min-treixadura\/","url":"https:\/\/blablavins.es\/es\/fala-de-min-treixadura\/","name":"Fala de Min Tre\u00edxadura - Distribu\u00efdor de vins a Palafolls - Barcelona- blablavins.es","isPartOf":{"@id":"https:\/\/blablavins.es\/es\/#website"},"primaryImageOfPage":{"@id":"https:\/\/blablavins.es\/es\/fala-de-min-treixadura\/#primaryimage"},"image":{"@id":"https:\/\/blablavins.es\/es\/fala-de-min-treixadura\/#primaryimage"},"thumbnailUrl":"https:\/\/blablavins.es\/wp-content\/uploads\/2025\/06\/Adegas-FALA-DE-MIN-TREIXADURA_page-0001.png","datePublished":"2025-03-13T07:03:22+00:00","dateModified":"2026-06-05T09:29:56+00:00","author":{"@id":"https:\/\/blablavins.es\/es\/#\/schema\/person\/0512ef61f5a60e55b8c8e3e4a98adf75"},"breadcrumb":{"@id":"https:\/\/blablavins.es\/es\/fala-de-min-treixadura\/#breadcrumb"},"inLanguage":"es","potentialAction":[{"@type":"ReadAction","target":["https:\/\/blablavins.es\/es\/fala-de-min-treixadura\/"]}]},{"@type":"ImageObject","inLanguage":"es","@id":"https:\/\/blablavins.es\/es\/fala-de-min-treixadura\/#primaryimage","url":"https:\/\/blablavins.es\/wp-content\/uploads\/2025\/06\/Adegas-FALA-DE-MIN-TREIXADURA_page-0001.png","contentUrl":"https:\/\/blablavins.es\/wp-content\/uploads\/2025\/06\/Adegas-FALA-DE-MIN-TREIXADURA_page-0001.png","width":538,"height":1794},{"@type":"BreadcrumbList","@id":"https:\/\/blablavins.es\/es\/fala-de-min-treixadura\/#breadcrumb","itemListElement":[{"@type":"ListItem","position":1,"name":"Portada","item":"https:\/\/blablavins.es\/es\/"},{"@type":"ListItem","position":2,"name":"Fala de Min Tre\u00edxadura"}]},{"@type":"WebSite","@id":"https:\/\/blablavins.es\/es\/#website","url":"https:\/\/blablavins.es\/es\/","name":"Distribu\u00efdor de vins a Palafolls - Barcelona- blablavins.es","description":"Productos selectos con un servicio \u00fanico","potentialAction":[{"@type":"SearchAction","target":{"@type":"EntryPoint","urlTemplate":"https:\/\/blablavins.es\/es\/?s={search_term_string}"},"query-input":{"@type":"PropertyValueSpecification","valueRequired":true,"valueName":"search_term_string"}}],"inLanguage":"es"},{"@type":"Person","@id":"https:\/\/blablavins.es\/es\/#\/schema\/person\/0512ef61f5a60e55b8c8e3e4a98adf75","name":"Blablavins","image":{"@type":"ImageObject","inLanguage":"es","@id":"https:\/\/secure.gravatar.com\/avatar\/242b6c632fe4b2f3cf11ac9ae3a784b74b38d2bc1fb6337f45c1629fe37ba0c5?s=96&d=mm&r=g","url":"https:\/\/secure.gravatar.com\/avatar\/242b6c632fe4b2f3cf11ac9ae3a784b74b38d2bc1fb6337f45c1629fe37ba0c5?s=96&d=mm&r=g","contentUrl":"https:\/\/secure.gravatar.com\/avatar\/242b6c632fe4b2f3cf11ac9ae3a784b74b38d2bc1fb6337f45c1629fe37ba0c5?s=96&d=mm&r=g","caption":"Blablavins"},"sameAs":["https:\/\/blablavins.es"],"url":"https:\/\/blablavins.es\/es\/author\/blablavins\/"}]}},"_links":{"self":[{"href":"https:\/\/blablavins.es\/es\/wp-json\/wp\/v2\/posts\/2825","targetHints":{"allow":["GET"]}}],"collection":[{"href":"https:\/\/blablavins.es\/es\/wp-json\/wp\/v2\/posts"}],"about":[{"href":"https:\/\/blablavins.es\/es\/wp-json\/wp\/v2\/types\/post"}],"author":[{"embeddable":true,"href":"https:\/\/blablavins.es\/es\/wp-json\/wp\/v2\/users\/3"}],"replies":[{"embeddable":true,"href":"https:\/\/blablavins.es\/es\/wp-json\/wp\/v2\/comments?post=2825"}],"version-history":[{"count":2,"href":"https:\/\/blablavins.es\/es\/wp-json\/wp\/v2\/posts\/2825\/revisions"}],"predecessor-version":[{"id":3035,"href":"https:\/\/blablavins.es\/es\/wp-json\/wp\/v2\/posts\/2825\/revisions\/3035"}],"wp:featuredmedia":[{"embeddable":true,"href":"https:\/\/blablavins.es\/es\/wp-json\/wp\/v2\/media\/2820"}],"wp:attachment":[{"href":"https:\/\/blablavins.es\/es\/wp-json\/wp\/v2\/media?parent=2825"}],"wp:term":[{"taxonomy":"category","embeddable":true,"href":"https:\/\/blablavins.es\/es\/wp-json\/wp\/v2\/categories?post=2825"},{"taxonomy":"post_tag","embeddable":true,"href":"https:\/\/blablavins.es\/es\/wp-json\/wp\/v2\/tags?post=2825"},{"taxonomy":"categoria-vins","embeddable":true,"href":"https:\/\/blablavins.es\/es\/wp-json\/wp\/v2\/categoria-vins?post=2825"}],"curies":[{"name":"wp","href":"https:\/\/api.w.org\/{rel}","templated":true}]}}